{"id":2012,"date":"2024-10-07T13:36:03","date_gmt":"2024-10-07T13:36:03","guid":{"rendered":"http:\/\/raizespentecostais.com.br\/?p=2012"},"modified":"2025-11-06T16:22:47","modified_gmt":"2025-11-06T16:22:47","slug":"o-que-e-a-igreja","status":"publish","type":"post","link":"https:\/\/raizespentecostais.com.br\/index.php\/o-que-e-a-igreja\/","title":{"rendered":"O que \u00e9 a igreja?"},"content":{"rendered":"\t\t<div data-elementor-type=\"wp-post\" data-elementor-id=\"2012\" class=\"elementor elementor-2012\">\n\t\t\t\t<div class=\"elementor-element elementor-element-3ba0ce6c e-flex e-con-boxed e-con e-parent\" data-id=\"3ba0ce6c\" data-element_type=\"container\" data-e-type=\"container\">\n\t\t\t\t\t<div class=\"e-con-inner\">\n\t\t\t\t<div class=\"elementor-element elementor-element-7d975f60 elementor-widget elementor-widget-text-editor\" data-id=\"7d975f60\" data-element_type=\"widget\" data-e-type=\"widget\" data-widget_type=\"text-editor.default\">\n\t\t\t\t<div class=\"elementor-widget-container\">\n\t\t\t\t\t\t\t\t\t\n<div class=\"wp-block-group is-content-justification-right is-nowrap is-layout-flex wp-container-core-group-is-layout-17124a9a wp-block-group-is-layout-flex\">\n<p class=\"has-text-align-right\"><strong>Por Pr. Paul Francis Porta<\/strong> <br \/>Autor da EETAD e <em>Reitor da Universidade Monte Tabor<\/em><\/p>\n\n<figure class=\"wp-block-image size-full\"><img decoding=\"async\" width=\"86\" height=\"86\" class=\"wp-image-2289\" src=\"https:\/\/raizespentecostais.com.br\/wp-content\/uploads\/2024\/10\/30-mm-Pr.-Paul-Porta.png\" alt=\"\" \/><\/figure>\n<\/div>\n\n<p>H\u00e1 muitas defini\u00e7\u00f5es da Igreja de Deus. Algumas s\u00e3o boas, outras inadequadas. Neste estudo vamos considerar como o ap\u00f3stolo Paulo tratou sobre a Igreja, e como ele nos deu uma defini\u00e7\u00e3o clara. O texto para o nosso estudo \u00e9 1 Tim\u00f3teo 3.15.<\/p>\n\n<p>Nos cap\u00edtulos 1 e 2 desta carta, o ap\u00f3stolo Paulo deu v\u00e1rias ordens e regulamentos que o jovem pastor da igreja de \u00c9feso devia executar no minist\u00e9rio da igreja local &#8211; e Paulo tinha muito mais a dizer ao pastor Tim\u00f3teo sobre este assunto nos cap\u00edtulos seguintes. No vers\u00edculo quinze do terceiro cap\u00edtulo, por\u00e9m, Paulo fez uma breve pausa. \u00c9 como se ele estivesse pensando se tudo o que j\u00e1 tinha dito, e o que ainda tinha a recomendar, seria prontamente aceitado pela igreja, ou mesmo se Tim\u00f3teo estaria disposto a tanto. Ali\u00e1s, obreiros como\u00a0Himineu\u00a0e Alexandre j\u00e1 haviam sido resistentes ao que Paulo dissera.\u00a0Paulo por\u00e9m\u00a0sabia que mesmo sendo dif\u00edceis de cumprir, suas ordens eram indispens\u00e1veis \u00e0 igreja liderada por Timoteo.<\/p>\n\n<p>A import\u00e2ncia destas ordens e regulamentos v\u00eam da pr\u00f3pria relev\u00e2ncia da igreja local.\u00a0Por que o ministro e a Igreja devem batalhar contra as doutrinas falsas que tentam entrar dentro da Igreja? A resposta est\u00e1 em 1 Tim\u00f3teo 1.3-7,18. Por que a Igreja deve lutar contra o pecado diariamente pedindo a miseric\u00f3rdia e a gra\u00e7a de Deus? Paulo explica em 1 Tim\u00f3teo 1.12-16. Por que os membros do minist\u00e9rio da Igreja devem manter vidas exemplares tanto morais como espirituais? Os motivos est\u00e3o em 1 Tim\u00f3teo 3.1-13.\u00a0Obviamente, estes regulamentos que o ap\u00f3stolo deu a Tim\u00f3teo exigem muito trabalho, trazendo \u00e0quele jovem pastor uma responsabilidade muito grande.<\/p>\n\n<h2><strong>Por que o pastor e a Igreja devem manifestar estas qualidades?<\/strong><\/h2>\n\n<p>A resposta se acha naquilo que a Igreja \u00e9. A Igreja \u00e9 muito mais do que uma organiza\u00e7\u00e3o legal. N\u00e3o, a Igreja n\u00e3o \u00e9 um clube. A Igreja n\u00e3o existe somente para o benef\u00edcio dos seus membros. O texto que estamos analisando oferece tr\u00eas defini\u00e7\u00f5es da Igreja dadas por Paulo a Tim\u00f3teo. Estas as defini\u00e7\u00f5es nos ajudar\u00e3o a entender a import\u00e2ncia da Igreja, bem como a nossa responsabilidade como ministros e membros do corpo de Cristo.<\/p>\n\n<h4><strong><em>Em primeiro lugar, Paulo trata a Igreja como a Casa de Deus<\/em><\/strong><\/h4>\n\n<p>A palavra\u00a0<em>casa<\/em>\u00a0(<em>oikos<\/em>) n\u00e3o significa um pr\u00e9dio ou um edif\u00edcio, mas, sim, as pessoas que t\u00eam um relacionamento familiar. Nesta passagem, Paulo est\u00e1 claramente retomando o argumento de 1 Tim\u00f3teo 3.4,5,12, no qual\u00a0<em>oikos<\/em>\u00a0significa\u00a0<em>lar\u00a0<\/em>ou<em>\u00a0fam\u00edlia<\/em>. Existe uma rela\u00e7\u00e3o que une todos os crentes sob a paternidade de Deus. Somos membros da mesma fam\u00edlia, a fam\u00edlia de Deus (G\u00e1latas 6.10; Ef\u00e9sios 2.19; 2 Tim\u00f3teo 1.16; Tito 1.11).<\/p>\n\n<p>As grandes promessas do Antigo Testamento sobre a presen\u00e7a constante de Deus com o Seu povo (G\u00eanesis 28.13-17,\u00a0\u00cax\u00a029.42-46) est\u00e3o cumpridas no Novo Testamento. Sim, somos membros da fam\u00edlia de Deus com a presen\u00e7a constante do Deus-Pai. Os nossos cultos, as nossas reuni\u00f5es, s\u00e3o cultos familiares, reuni\u00f5es da fam\u00edlia na presen\u00e7a do Pai (1 Cor\u00edntios 3.16, 6.19; 2 Cor\u00edntios 6.16). Como Gordon\u00a0Fee\u00a0notou: \u201cEsta met\u00e1fora da casa (fam\u00edlia) j\u00e1 insinuada em 1 Tim\u00f3teo 3.4,5 flui naturalmente do reconhecimento de Deus como Pai, os crentes como irm\u00e3os, e os ap\u00f3stolos como \u2018mordomos\u2019 (administradores da casa).\u201d<\/p>\n\n<h4><strong><em>Em segundo lugar, Paulo usa a express\u00e3o A Igreja do Deus Vivo<\/em><\/strong><\/h4>\n\n<p>Existem duas verdades muito importantes nesta express\u00e3o. A primeira est\u00e1 achada na palavra\u00a0<em>igreja<\/em>\u00a0(<em>ekl\u00e9sia<\/em>). A verdade que achamos nesta palavra \u00e9 que a\u00a0<em>ekl\u00e9sia<\/em><em>\u00a0<\/em>comp\u00f5e-se de pessoas que responderam ao gracioso convite de Deus para sair da comunidade em que estavam e entrar em outra onde a comunh\u00e3o \u00e9 permanente. Depois disso, agora convertidos e transformados, os crentes s\u00e3o chamados para fazer contato com as pessoas da velha comunidade e lev\u00e1-las a juntar-se com eles na nova comunidade, que \u00e9 a Igreja. Este \u00e9 um dos prop\u00f3sitos essenciais da Igreja.\u00a0A Igreja, portanto, n\u00e3o foi feita para uso exclusivo de um grupo especial. Ela n\u00e3o existe somente para nos beneficiar, mas, para que possamos beneficiar o mundo com a mensagem da salva\u00e7\u00e3o em Cristo (Mateus 5.13,16).<\/p>\n\n<p>A segunda verdade achamos na express\u00e3o da Igreja como a Igreja do Deus Vivo.\u00a0Nestas palavras, o ap\u00f3stolo colocou um grande contraste entre a Igreja de Deus, que na \u00e9poca n\u00e3o tinha seus pr\u00f3prios edif\u00edcios, e os templos pag\u00e3os constru\u00eddos para honrar deuses feitos de madeira, pedra ou ouro que n\u00e3o ouvem, n\u00e3o enxergam e n\u00e3o falam. \u00cddolos feitos pelas m\u00e3os de homens, falsos deus que n\u00e3o amam (Salmo 115.4-8). O\u00a0nosso\u00a0Deus ,\u00a0por\u00e9m, \u00e9 o Deus Vivo!\u00a0( Medite\u00a0em \u00caxodo 3.7; Salmo 34.15-19, 42.2, 139.1-23; Jeremias 10.10; Mateus 16.16; 1 Tessalonicenses\u00a01.19; Apocalipse 1.17,18).\u00a0ORa, Paulo\u00a0freq\u00fcentemente\u00a0descreve Deus como sendo vivo (4.10; 2 Cor\u00edntios 3.3, 6.16; 1 Tessalonicenses 1.9).<\/p>\n\n<p>Finalmente, Paulo falou da Igreja como a coluna da firmeza e da verdade. Podemos imaginar quantos daqueles que ouviram Tim\u00f3teo ler esta carta \u00e0 igreja em \u00c9feso eram antes seguidores de Diana dos Ef\u00e9sios. Podemos imaginar quantos teriam caminhado com orgulho atrav\u00e9s do templo que dominava o horizonte de \u00c9feso.\u00a0Como teriam ficado maravilhados pela imponente estrutura de 120 colunas! Colunas de m\u00e1rmore, de\u00a0j\u00f3ias. Colunas revestidas de ouro puro.\u00a0Talvez os adeptos de Diana e os visitantes daquele templo luxuoso pensavam nas funda\u00e7\u00f5es que eram necess\u00e1rias para a estabilidade do edif\u00edcio. Realmente, um\u00a0epr\u00e9dio\u00a0como aquele precisava de uma funda\u00e7\u00e3o ampla e profunda para evitar um colapso.\u00a0Os cidad\u00e3os de \u00c9feso tinham orgulho daquela constru\u00e7\u00e3o. Ela era um ponto tur\u00edstico e de peregrina\u00e7\u00e3o na \u00c1sia Menor e no Oriente. As igrejas apost\u00f3licas, por seu turno, n\u00e3o tinham qualquer coluna semelhante \u00e0quelas; de fato, nem templo elas tinham.\u00a0Mesmo assim, existe na Igreja uma coluna mais preciosa que qualquer outra. Pergunte-se onde est\u00e1 o templo da Diana dos Ef\u00e9sios? S\u00f3 podemos falar sobre ele no passado, mas da Igreja de Cristo n\u00f3s falamos no tempo presente.<\/p>\n\n<p>A firmeza da Igreja est\u00e1 baseada no fato de que ela mesma \u00e9 a coluna e o esteio, o baluarte da verdade. A firmeza da verdade deve ser achada na Igreja.\u00a0O ap\u00f3stolo Paulo n\u00e3o disse que a Igreja tinha uma coluna e uma funda\u00e7\u00e3o. O que o Esp\u00edrito Santo disse por seu\u00a0iterm\u00e9dio\u00a0\u00e9 que a Igreja \u00e9 a mesma coluna e a mesma funda\u00e7\u00e3o da verdade. A \u00fanica preocupa\u00e7\u00e3o de Paulo \u00e9 de enfatizar que os membros de cada comunidade local devem ser um baluarte forte do evangelho contra os assaltos dos falsos mestres.<\/p>\n\n<h2><strong>Conclus\u00e3o<\/strong><\/h2>\n\n<p>As Cartas Pastorais nos ensinam que a nossa responsabilidade \u00e9 guardar a verdade, pregar a verdade e viver a verdade (1 Tim\u00f3teo 1.3-4, 4.1-11; 2 Tim\u00f3teo 3.1-14, 4.1-5; Tito 1.9, 2.1).\u00a0A responsabilidade da igreja local era \u00f3bvia. Gordon\u00a0Fee\u00a0comentou: \u201cA verdade foi confiada \u00e0 igreja; a\u00a0coduta\u00a0dos falsos mestres equivale ao abandono da verdade. Da\u00ed ser extremamente importante que Tim\u00f3teo n\u00e3o\u00a0so-mente\u00a0contenha os falsos mestres (1.3-11), mas leve as pessoas de volta \u00e0 verdade\u201d.\u00a0Mas, afinal, o que \u00e9 a Igreja?<\/p>\n\n<p>A Igreja \u00e9 a fam\u00edlia do Deus Vivo, chamada para ter comunh\u00e3o com Ele e para cumprir o prop\u00f3sito de guardar, pregar e viver a verdade do Evangelho.<\/p>\n\n<p>\u00a0<\/p>\n\t\t\t\t\t\t\t\t<\/div>\n\t\t\t\t<\/div>\n\t\t\t\t\t<\/div>\n\t\t\t\t<\/div>\n\t\t\t\t<\/div>\n\t\t","protected":false},"excerpt":{"rendered":"<p>Por Pr. Paul Francis Porta Autor da EETAD e Reitor da Universidade Monte Tabor H\u00e1 muitas defini\u00e7\u00f5es da Igreja de [&hellip;]<\/p>\n","protected":false},"author":11,"featured_media":3917,"comment_status":"open","ping_status":"open","sticky":false,"template":"","format":"standard","meta":{"site-sidebar-layout":"default","site-content-layout":"","ast-site-content-layout":"default","site-content-style":"default","site-sidebar-style":"default","ast-global-header-display":"","ast-banner-title-visibility":"","ast-main-header-display":"","ast-hfb-above-header-display":"","ast-hfb-below-header-display":"","ast-hfb-mobile-header-display":"","site-post-title":"","ast-breadcrumbs-content":"","ast-featured-img":"","footer-sml-layout":"","theme-transparent-header-meta":"","adv-header-id-meta":"","stick-header-meta":"","header-above-stick-meta":"","header-main-stick-meta":"","header-below-stick-meta":"","astra-migrate-meta-layouts":"default","ast-page-background-enabled":"default","ast-page-background-meta":{"desktop":{"background-color":"var(--ast-global-color-5)","background-image":"","background-repeat":"repeat","background-position":"center center","background-size":"auto","background-attachment":"scroll","background-type":"","background-media":"","overlay-type":"","overlay-color":"","overlay-opacity":"","overlay-gradient":""},"tablet":{"background-color":"","background-image":"","background-repeat":"repeat","background-position":"center center","background-size":"auto","background-attachment":"scroll","background-type":"","background-media":"","overlay-type":"","overlay-color":"","overlay-opacity":"","overlay-gradient":""},"mobile":{"background-color":"","background-image":"","background-repeat":"repeat","background-position":"center center","background-size":"auto","background-attachment":"scroll","background-type":"","background-media":"","overlay-type":"","overlay-color":"","overlay-opacity":"","overlay-gradient":""}},"ast-content-background-meta":{"desktop":{"background-color":"var(--ast-global-color-4)","background-image":"","background-repeat":"repeat","background-position":"center center","background-size":"auto","background-attachment":"scroll","background-type":"","background-media":"","overlay-type":"","overlay-color":"","overlay-opacity":"","overlay-gradient":""},"tablet":{"background-color":"var(--ast-global-color-4)","background-image":"","background-repeat":"repeat","background-position":"center center","background-size":"auto","background-attachment":"scroll","background-type":"","background-media":"","overlay-type":"","overlay-color":"","overlay-opacity":"","overlay-gradient":""},"mobile":{"background-color":"var(--ast-global-color-4)","background-image":"","background-repeat":"repeat","background-position":"center center","background-size":"auto","background-attachment":"scroll","background-type":"","background-media":"","overlay-type":"","overlay-color":"","overlay-opacity":"","overlay-gradient":""}},"footnotes":""},"categories":[4,16],"tags":[],"class_list":["post-2012","post","type-post","status-publish","format-standard","has-post-thumbnail","hentry","category-categorias","category-teologia-doutrinas"],"_links":{"self":[{"href":"https:\/\/raizespentecostais.com.br\/index.php\/wp-json\/wp\/v2\/posts\/2012","targetHints":{"allow":["GET"]}}],"collection":[{"href":"https:\/\/raizespentecostais.com.br\/index.php\/wp-json\/wp\/v2\/posts"}],"about":[{"href":"https:\/\/raizespentecostais.com.br\/index.php\/wp-json\/wp\/v2\/types\/post"}],"author":[{"embeddable":true,"href":"https:\/\/raizespentecostais.com.br\/index.php\/wp-json\/wp\/v2\/users\/11"}],"replies":[{"embeddable":true,"href":"https:\/\/raizespentecostais.com.br\/index.php\/wp-json\/wp\/v2\/comments?post=2012"}],"version-history":[{"count":12,"href":"https:\/\/raizespentecostais.com.br\/index.php\/wp-json\/wp\/v2\/posts\/2012\/revisions"}],"predecessor-version":[{"id":3923,"href":"https:\/\/raizespentecostais.com.br\/index.php\/wp-json\/wp\/v2\/posts\/2012\/revisions\/3923"}],"wp:featuredmedia":[{"embeddable":true,"href":"https:\/\/raizespentecostais.com.br\/index.php\/wp-json\/wp\/v2\/media\/3917"}],"wp:attachment":[{"href":"https:\/\/raizespentecostais.com.br\/index.php\/wp-json\/wp\/v2\/media?parent=2012"}],"wp:term":[{"taxonomy":"category","embeddable":true,"href":"https:\/\/raizespentecostais.com.br\/index.php\/wp-json\/wp\/v2\/categories?post=2012"},{"taxonomy":"post_tag","embeddable":true,"href":"https:\/\/raizespentecostais.com.br\/index.php\/wp-json\/wp\/v2\/tags?post=2012"}],"curies":[{"name":"wp","href":"https:\/\/api.w.org\/{rel}","templated":true}]}}