{"id":2241,"date":"2025-04-07T16:30:54","date_gmt":"2025-04-07T16:30:54","guid":{"rendered":"https:\/\/raizespentecostais.com.br\/?p=2241"},"modified":"2025-10-20T19:36:52","modified_gmt":"2025-10-20T19:36:52","slug":"o-poder-da-palavra","status":"publish","type":"post","link":"https:\/\/raizespentecostais.com.br\/index.php\/o-poder-da-palavra\/","title":{"rendered":"O Poder da Palavra"},"content":{"rendered":"\n<div class=\"wp-block-group is-content-justification-right is-nowrap is-layout-flex wp-container-core-group-is-layout-369f395c wp-block-group-is-layout-flex\">\n<p class=\"has-text-align-right\"><strong>Por Pr. Terry Johnson<\/strong> <br><em>Presidente da EETAD e Edi\u00e7\u00f5es Bernhard Johnson<\/em><\/p>\n\n\n\n<figure class=\"wp-block-image size-full\"><img decoding=\"async\" width=\"87\" height=\"86\" src=\"http:\/\/raizespentecostais.com.br\/wp-content\/uploads\/2025\/04\/30-mm-Pr.-Terry-Johnson-1.png\" alt=\"\" class=\"wp-image-2254\"\/><\/figure>\n<\/div>\n\n\n\n<div style=\"height:60px\" aria-hidden=\"true\" class=\"wp-block-spacer\"><\/div>\n\n\n\n<p class=\"has-drop-cap\">No museu da EETAD, preservamos a B\u00edblia de que o Pastor Bernhard Johnson, meu pai e fundador desta institui\u00e7\u00e3o, utilizou-se para pregar nas v\u00e1rias cruzadas evangel\u00edsticas que promoveu em nosso pa\u00eds. Aquele exemplar da palavra de Deus esteve, tamb\u00e9m, nas edi\u00e7\u00f5es do programa televisivo <em>Bernhard Johnson Apresenta<\/em>, que, por muitos anos, aos s\u00e1bados pela manh\u00e3, entrava pelas casas de milh\u00f5es de espectadores brasileiros, anunciando salva\u00e7\u00e3o. Aquela B\u00edblia representa uma advert\u00eancia para n\u00f3s, os servos de Deus, obreiros ou n\u00e3o, professores ou alunos, seminaristas ou leigos: a palavra do Senhor \u00e9 central em nossas vidas. Mais do que isso, ela \u00e9 digna deste lugar.<\/p>\n\n\n\n<p>Era comum que Deus operasse milagres nas Cruzadas Bernhard Johnson. Era, ali\u00e1s, a expectativa de todos os que comparec\u00edamos \u00e0queles ajuntamentos. N\u00f3s sab\u00edamos que haveria uma manifesta\u00e7\u00e3o incontest\u00e1vel dos dons de curar \u2014 assim mesmo, no plural, conforme diz 1 Cor\u00edntios 12:9. Os v\u00e1rios registros em v\u00eddeo e fotos atestam surdos voltando a escutar, paral\u00edticos se erguendo de suas cadeiras de rodas, cancerosos sendo libertados de suas senten\u00e7as m\u00e9dicas, atrofiados se erguendo eretos e sem ajuda. Era impressionante.<\/p>\n\n\n\n<p>Recorrentemente, os endemoninhados e oprimidos descobriam-se desatados das for\u00e7as malignas que os escravizavam. Houve epis\u00f3dios nos quais os nossos olhos tinham dificuldade de aceitar o que enxergavam, como no dia em que certa mulher, possu\u00edda por v\u00e1rios dem\u00f4nios, precipitou-se contra o Pastor Bernhard com f\u00faria para o matar. Ele, voltando-se para ela, evocou o nome santo do Senhor Jesus, e a endemoninhada permaneceu suspensa no ar por v\u00e1rios segundos, at\u00e9 cair ao ch\u00e3o, libertada por Cristo. Conto esses testemunhos, pois nos edificam a f\u00e9 \u2014 a minha, que os narro, e as dos meus irm\u00e3os, que os acompanham.<\/p>\n\n\n\n<p>A maioria das pessoas deduz que os eventos maravilhosos ocorridos nas cruzadas de meu pai se davam quando ele convocava os presentes para orar. Sem d\u00favidas, nos momentos de ora\u00e7\u00f5es, Deus curava, libertava e, claro, batizava com o Esp\u00edrito Santo. Por\u00e9m, uma consider\u00e1vel parte dos sinais acontecia, mesmo, durante as prega\u00e7\u00f5es, enquanto a santa e poderosa palavra do Senhor Deus era explanada. Ningu\u00e9m esperava que, naquele momento, algo sobrenatural acontecesse. De fato, as aten\u00e7\u00f5es estavam sobre o mensageiro com sotaque americano, cabelos claros e de voz forte que pregava com vigor. Olhares eram para o homem que, enquanto anunciava o evangelho, suava at\u00e9 umedecer a camisa e o palet\u00f3. Ningu\u00e9m desviava o olhar do carism\u00e1tico pregador. Era quando, sem aviso repentino, um alvoro\u00e7o se instalava na multid\u00e3o, pois algum aleijado se levantara da cadeira, sem que para isso houvesse convite ou ora\u00e7\u00e3o. As caixas de som projetavam para longe o timbre rouco do pregador avivado, quando uma agita\u00e7\u00e3o se formava na arquibancada de algum est\u00e1dio, pois um homem atrofiado estava em p\u00e9. Os obreiros no p\u00falpito se concentravam na comunica\u00e7\u00e3o efusiva do Evangelho, quando algu\u00e9m erguia, no meio do povar\u00e9u, um par de muletas, agora, sem serventia. Tudo quando a palavra de Deus era pregada.<\/p>\n\n\n\n<p>Recordo-me que a B\u00edblia surrada, com marcas de uso e anota\u00e7\u00f5es, amorosamente guardada em nosso museu, est\u00e1 aberta em Jo\u00e3o 17, o cap\u00edtulo que registra a ora\u00e7\u00e3o sacerdotal de nosso Senhor, em favor dos disc\u00edpulos e, claro, de n\u00f3s mesmos. \u00c0 margem, jaz a anota\u00e7\u00e3o de cinco palavras que foram o germinal de algum serm\u00e3o poderoso: ressurrei\u00e7\u00e3o, jubila\u00e7\u00e3o, prote\u00e7\u00e3o, santifica\u00e7\u00e3o e unifica\u00e7\u00e3o. Que mensagem foi aquela e quando foi pregada s\u00e3o detalhes reservados \u00e0 eternidade. Mas n\u00e3o \u00e9 dif\u00edcil concluir a pretens\u00e3o do pregador, porque os vers\u00edculos destacados com o tra\u00e7o cuidadoso de um l\u00e1pis dizem: \u201cdei-lhes a tua palavra, e o mundo os aborreceu\u201d (v.14) e \u201csantifica-os na verdade: a tua palavra \u00e9 a verdade\u201d (v.17). Eis, a\u00ed, a Palavra, fonte de todo o poder e autoridade.<\/p>\n\n\n\n<p>O site de artigos Ra\u00edzes Pentecostais \u00e9 dedicado \u00e0 palavra de Deus. N\u00e3o poderia ser doutra forma, pois \u00e9 nas Escrituras Sagradas que a EETAD tem os fundamentos de sua miss\u00e3o e da raz\u00e3o de sua exist\u00eancia. Quando, por vis\u00e3o celestial, Deus orientou o Pastor Bernhard Johnson a criar esta institui\u00e7\u00e3o, Ele o incumbiu de fazer desta casa de ensino uma fonte de treinamento e aperfei\u00e7oamento para a Igreja, para os obreiros e os leigos. Em que os crentes devemos ser instru\u00eddos? Em que deve ser o nosso treinamento? Unicamente na palavra de Deus. A ret\u00f3rica, mesmo impec\u00e1vel, nada pode quanto \u00e0 necessidade de haver milagres. S\u00f3 a B\u00edblia \u00e9 que pode provocar os resultados que todos queremos, e de que carecemos.<\/p>\n\n\n\n<p>Volte, conosco, ao amor inicial pela B\u00edblia, ao encantamento primeiro pelas Escrituras, e, especialmente, \u00e0 devo\u00e7\u00e3o completa a ela. Leia a B\u00edblia. Medite nela. Obede\u00e7a-a. E, ent\u00e3o, descubra o que faz dela a publica\u00e7\u00e3o mais perseguida e a mais lida de toda a hist\u00f3ria humana, pois ela \u00e9 a Palavra de Deus.<\/p>\n\n\n\n<p><\/p>\n","protected":false},"excerpt":{"rendered":"<p>Por Pr. Terry Johnson Presidente da EETAD e Edi\u00e7\u00f5es Bernhard Johnson No museu da EETAD, preservamos a B\u00edblia de que [&hellip;]<\/p>\n","protected":false},"author":12,"featured_media":2270,"comment_status":"open","ping_status":"open","sticky":false,"template":"","format":"standard","meta":{"site-sidebar-layout":"default","site-content-layout":"","ast-site-content-layout":"default","site-content-style":"default","site-sidebar-style":"default","ast-global-header-display":"","ast-banner-title-visibility":"","ast-main-header-display":"","ast-hfb-above-header-display":"","ast-hfb-below-header-display":"","ast-hfb-mobile-header-display":"","site-post-title":"","ast-breadcrumbs-content":"","ast-featured-img":"","footer-sml-layout":"","theme-transparent-header-meta":"","adv-header-id-meta":"","stick-header-meta":"","header-above-stick-meta":"","header-main-stick-meta":"","header-below-stick-meta":"","astra-migrate-meta-layouts":"default","ast-page-background-enabled":"default","ast-page-background-meta":{"desktop":{"background-color":"var(--ast-global-color-5)","background-image":"","background-repeat":"repeat","background-position":"center center","background-size":"auto","background-attachment":"scroll","background-type":"","background-media":"","overlay-type":"","overlay-color":"","overlay-opacity":"","overlay-gradient":""},"tablet":{"background-color":"","background-image":"","background-repeat":"repeat","background-position":"center center","background-size":"auto","background-attachment":"scroll","background-type":"","background-media":"","overlay-type":"","overlay-color":"","overlay-opacity":"","overlay-gradient":""},"mobile":{"background-color":"","background-image":"","background-repeat":"repeat","background-position":"center center","background-size":"auto","background-attachment":"scroll","background-type":"","background-media":"","overlay-type":"","overlay-color":"","overlay-opacity":"","overlay-gradient":""}},"ast-content-background-meta":{"desktop":{"background-color":"var(--ast-global-color-4)","background-image":"","background-repeat":"repeat","background-position":"center center","background-size":"auto","background-attachment":"scroll","background-type":"","background-media":"","overlay-type":"","overlay-color":"","overlay-opacity":"","overlay-gradient":""},"tablet":{"background-color":"var(--ast-global-color-4)","background-image":"","background-repeat":"repeat","background-position":"center center","background-size":"auto","background-attachment":"scroll","background-type":"","background-media":"","overlay-type":"","overlay-color":"","overlay-opacity":"","overlay-gradient":""},"mobile":{"background-color":"var(--ast-global-color-4)","background-image":"","background-repeat":"repeat","background-position":"center center","background-size":"auto","background-attachment":"scroll","background-type":"","background-media":"","overlay-type":"","overlay-color":"","overlay-opacity":"","overlay-gradient":""}},"footnotes":""},"categories":[12,4],"tags":[],"class_list":["post-2241","post","type-post","status-publish","format-standard","has-post-thumbnail","hentry","category-biblia-hermeneutica-e-exegese","category-categorias"],"_links":{"self":[{"href":"https:\/\/raizespentecostais.com.br\/index.php\/wp-json\/wp\/v2\/posts\/2241","targetHints":{"allow":["GET"]}}],"collection":[{"href":"https:\/\/raizespentecostais.com.br\/index.php\/wp-json\/wp\/v2\/posts"}],"about":[{"href":"https:\/\/raizespentecostais.com.br\/index.php\/wp-json\/wp\/v2\/types\/post"}],"author":[{"embeddable":true,"href":"https:\/\/raizespentecostais.com.br\/index.php\/wp-json\/wp\/v2\/users\/12"}],"replies":[{"embeddable":true,"href":"https:\/\/raizespentecostais.com.br\/index.php\/wp-json\/wp\/v2\/comments?post=2241"}],"version-history":[{"count":6,"href":"https:\/\/raizespentecostais.com.br\/index.php\/wp-json\/wp\/v2\/posts\/2241\/revisions"}],"predecessor-version":[{"id":3245,"href":"https:\/\/raizespentecostais.com.br\/index.php\/wp-json\/wp\/v2\/posts\/2241\/revisions\/3245"}],"wp:featuredmedia":[{"embeddable":true,"href":"https:\/\/raizespentecostais.com.br\/index.php\/wp-json\/wp\/v2\/media\/2270"}],"wp:attachment":[{"href":"https:\/\/raizespentecostais.com.br\/index.php\/wp-json\/wp\/v2\/media?parent=2241"}],"wp:term":[{"taxonomy":"category","embeddable":true,"href":"https:\/\/raizespentecostais.com.br\/index.php\/wp-json\/wp\/v2\/categories?post=2241"},{"taxonomy":"post_tag","embeddable":true,"href":"https:\/\/raizespentecostais.com.br\/index.php\/wp-json\/wp\/v2\/tags?post=2241"}],"curies":[{"name":"wp","href":"https:\/\/api.w.org\/{rel}","templated":true}]}}