{"id":2334,"date":"2025-04-07T18:08:02","date_gmt":"2025-04-07T18:08:02","guid":{"rendered":"https:\/\/raizespentecostais.com.br\/?p=2334"},"modified":"2025-10-20T19:36:37","modified_gmt":"2025-10-20T19:36:37","slug":"os-pioneiros-das-assembleias-de-deus-e-a-biblia","status":"publish","type":"post","link":"https:\/\/raizespentecostais.com.br\/index.php\/os-pioneiros-das-assembleias-de-deus-e-a-biblia\/","title":{"rendered":"Os pioneiros das Assembleias de Deus e a B\u00edblia"},"content":{"rendered":"\n<div class=\"wp-block-group is-content-justification-right is-nowrap is-layout-flex wp-container-core-group-is-layout-369f395c wp-block-group-is-layout-flex\">\n<p class=\"has-text-align-right\"><strong>Por Altair Germano<\/strong><sup data-fn=\"ed26c68b-c186-493a-8770-2a9dc10756b5\" class=\"fn\"><a href=\"#ed26c68b-c186-493a-8770-2a9dc10756b5\" id=\"ed26c68b-c186-493a-8770-2a9dc10756b5-link\">1<\/a><\/sup> <br><em>Pastor na AD Abreu e Lima (PE), professor da EETAD e autor das Edi\u00e7\u00f5es Bernhard Johnson<\/em><\/p>\n\n\n\n<figure class=\"wp-block-gallery has-nested-images columns-default is-cropped wp-block-gallery-1 is-layout-flex wp-block-gallery-is-layout-flex\">\n<figure class=\"wp-block-image size-full\"><img decoding=\"async\" width=\"87\" height=\"86\" data-id=\"2337\" src=\"http:\/\/raizespentecostais.com.br\/wp-content\/uploads\/2025\/04\/30-mm-Pr.-Altair-Germano-1.png\" alt=\"\" class=\"wp-image-2337\"\/><\/figure>\n<\/figure>\n<\/div>\n\n\n\n<div style=\"height:60px\" aria-hidden=\"true\" class=\"wp-block-spacer\"><\/div>\n\n\n\n<p>Ao examinarmos os relatos nos di\u00e1rios de Gunnar Vingren e Daniel Berg, notamos de forma evidente o amor e compromisso deles para com a B\u00edblia Sagrada.<\/p>\n\n\n\n<p><strong>Gunnar Vingren e a B\u00edblia<\/strong><\/p>\n\n\n\n<p>Antes de explorarmos as palavras de Gunnar Vingren sobre a B\u00edblia, \u00e9 crucial destacar o papel das Sagradas Escrituras em sua forma\u00e7\u00e3o teol\u00f3gica e pastoral. Desde a inf\u00e2ncia, incentivado por seus pais, ele frequentou assiduamente a Escola Dominical. Em 1897, sucedeu seu pai na dire\u00e7\u00e3o desse trabalho, desempenhando essa fun\u00e7\u00e3o at\u00e9 o final de outubro de 1898.<\/p>\n\n\n\n<p>Gunnar Vingren tamb\u00e9m participou de uma escola b\u00edblica em G\u00f6tabro, N\u00e4rke, onde recebeu instru\u00e7\u00e3o profunda por meio das ministra\u00e7\u00f5es de Em\u00edlio Gustavsson e C.J.A. Kihlstedt. Essa escola, com 55 alunos, ocorreu durante um m\u00eas, e no final de setembro de 1904, Gunnar dirigiu-se a Chicago para iniciar um curso de teologia no semin\u00e1rio teol\u00f3gico sueco batista, concluindo seus estudos em maio de 1909.<\/p>\n\n\n\n<p>A dedica\u00e7\u00e3o de Gunnar Vingren ao preparo b\u00edblico-teol\u00f3gico fez com que ele valorizasse profundamente as Escrituras, tornando-as a base de sua vida e minist\u00e9rio. Vamos, portanto, observar algumas de suas afirma\u00e7\u00f5es sobre a B\u00edblia: \u201c<\/p>\n\n\n\n<p><strong><em>A B\u00edblia nos ensina a primeiramente obedecer a Deus (At 4:18-20; 5:28-29).<\/em><\/strong>\u201d Esta declara\u00e7\u00e3o foi proferida durante um batismo em \u00e1guas, quando centenas de homens tentaram interromper violentamente a cerim\u00f4nia. Mesmo diante de amea\u00e7as e insultos, o batismo foi conclu\u00eddo, e o Senhor providenciou livramento. Ao ser elogiado por sua coragem, Gunnar Vingren respondeu: \u201cCoragem? Eu tinha o mandamento de Cristo, tanto para pregar como para batizar. Eu n\u00e3o tinha outra op\u00e7\u00e3o. N\u00e3o poderia desobedecer a Deus, mesmo que todos os homens e todo o poder do Inferno se levantassem contra mim para me impedir. Devemos, em primeiro lugar, obedecer a Deus, pois assim nos ensina a B\u00edblia\u201d.<\/p>\n\n\n\n<p><strong><em>\u201cCrer na B\u00edblia resulta em cura divina e na manifesta\u00e7\u00e3o dos dons do Esp\u00edrito Santo (Mc 16:15-20; At 9:34)<\/em><\/strong>.\u201d Ap\u00f3s a cura de uma mulher paral\u00edtica e a recupera\u00e7\u00e3o instant\u00e2nea de seu filho Ivar de uma febre, asma e de um cravo na parte inferior do olho, Vingren afirmou: \u201cO mesmo poder de antes existe hoje tamb\u00e9m, se crermos na Palavra do Senhor. Deus est\u00e1 falando ao seu povo (pela Palavra e pelo esp\u00edrito prof\u00e9tico), que Ele continuar\u00e1 a sua obra e que a sua vinda est\u00e1 muito pr\u00f3xima. Os crentes t\u00eam vis\u00f5es, revela\u00e7\u00f5es, sonhos, e os dons do Esp\u00edrito Santo s\u00e3o manifestados. Atrav\u00e9s de tudo isso, o povo de Deus \u00e9 edificado. E desta forma tem-se cumprido o que est\u00e1 escrito em Atos 2:17\u201d. Ainda, segundo Vingren, quando a verdade simples de Jesus \u00e9 pregada no poder do Esp\u00edrito Santo, a Palavra \u00e9 sempre acompanhada de sinais e milagres.&nbsp;<\/p>\n\n\n\n<p><strong><em>\u201cA B\u00edblia resolve todos os assuntos (2Tm 3:16,17).<\/em><\/strong>\u201d Numa reuni\u00e3o de membros, caracterizada por Vingren como bastante dif\u00edcil, onde surgiu uma proposta para a consagra\u00e7\u00e3o de alguns irm\u00e3os que ainda n\u00e3o haviam sido batizados no Esp\u00edrito Santo ao diaconato, e foram estabelecidas as condi\u00e7\u00f5es para o batismo nas \u00e1guas, Vingren afirmou: \u201cDevemos deixar a Palavra de Deus resolver todos os assuntos\u201d.<\/p>\n\n\n\n<p><strong><em>\u201cA B\u00edblia \u00e9 a infal\u00edvel Palavra de Deus (1Co 14:37-40).<\/em><\/strong>\u201d Em outra ocasi\u00e3o, quando um grupo de irm\u00e3os pulou e dan\u00e7ou durante cerca de meia hora em um culto, alegando ser aquilo da parte do Esp\u00edrito Santo, sendo que um daqueles irm\u00e3os era considerado como profeta, Vingren disse-lhes que: \u201c[&#8230;] n\u00e3o \u00e9 por meio de profecia, interpreta\u00e7\u00e3o e l\u00ednguas que devemos ser dirigidos. Esses dons foram dados para a nossa edifica\u00e7\u00e3o, mas a dire\u00e7\u00e3o verdadeira e a instru\u00e7\u00e3o necess\u00e1ria v\u00eam da B\u00edblia, que \u00e9 a Palavra de Deus clara e infal\u00edvel\u201d.<\/p>\n\n\n\n<p>Ao longo de todo o exerc\u00edcio de seu minist\u00e9rio, Gunnar Vingren teve a B\u00edblia como base para suas prega\u00e7\u00f5es, ensinamentos e como fundamento para a tomada de decis\u00f5es. Diante das dificuldades e sofrimentos inerentes \u00e0 realiza\u00e7\u00e3o da obra do Senhor, ele p\u00f4de afirmar com a resili\u00eancia proporcionada pela gra\u00e7a divina: \u201cEst\u00e1 escrito na B\u00edblia que tudo concorre para o bem daqueles que amam ao Senhor. Dessa maneira, podemos crer que tudo o que temos passado \u00e9 por permiss\u00e3o do Senhor. Devemos levar a obra de Deus adiante, mesmo enfrentando sofrimento\u201d.<\/p>\n\n\n\n<p><strong>Daniel Berg e a B\u00edblia<\/strong><\/p>\n\n\n\n<p>Assim como seu companheiro Gunnar Vingren, Daniel Berg era um devoto leitor e estudante da B\u00edblia. Ao ouvir falar sobre a doutrina do batismo no Esp\u00edrito Santo, ele dedicou-se a estudar o assunto na B\u00edblia com muita aten\u00e7\u00e3o, e tempos depois, ap\u00f3s maiores esclarecimentos, recebeu essa b\u00ean\u00e7\u00e3o espiritual.<\/p>\n\n\n\n<p>O trabalho mission\u00e1rio de Daniel Berg envolvia a atividade de colportagem, ou seja, vendas e distribui\u00e7\u00e3o de B\u00edblias e Novos Testamentos. Por meio dessa pr\u00e1tica, ele evangelizou muitas pessoas, conduzindo-as a Jesus e, com isso, abrindo novas frentes de trabalho e igrejas em v\u00e1rias situa\u00e7\u00f5es. Sobre essa atividade, ele relata que os primeiros dias dedicados \u00e0 colportagem foram reservados \u00e0 cidade de Bel\u00e9m. O primeiro dia foi repleto de emo\u00e7\u00f5es. Ele levou na maleta apenas algumas B\u00edblias, imaginando que voltaria para casa \u00e0 tarde com quase todas. Na primeira porta em que bateu, foi bem recebido. Sentiu ent\u00e3o que Jesus estava presente; era o primeiro leitor que ele encontrara pela frente e que n\u00e3o podia deixar de comprar. Al\u00e9m disso, o servi\u00e7o de colportagem proporcionava-lhe a oportunidade de conversar com as pessoas e convid\u00e1-las para assistir aos cultos.<\/p>\n\n\n\n<p>Dos testemunhos de Daniel Berg sobre a B\u00edblia, presentes em seu di\u00e1rio pessoal, destacamos as seguintes declara\u00e7\u00f5es:<\/p>\n\n\n\n<p><strong><em>\u201cA B\u00edblia tem resposta para todas as perguntas, e solu\u00e7\u00e3o para todos os problemas (Sl 119:105).\u201d<\/em><\/strong> Certo dia, ao evangelizar o dono de um bar, Berg emprestou-lhe a pr\u00f3pria B\u00edblia para que ele a lesse em casa. Foi quando escreveu em seu di\u00e1rio: \u201cO homem pegou aquele livro mais uma vez. Quantas vezes havia folheado as p\u00e1ginas e lido trechos ou cap\u00edtulos, ele n\u00e3o saberia dizer, por\u00e9m sabia que aquele era um livro extraordin\u00e1rio. A leitura dele proporcionava tranquilidade e paz. Este livro, refletia ele, tem resposta para todas as d\u00favidas que me assaltam. Afinal, a vida n\u00e3o ter\u00e1 alguma coisa mais do que preocupa\u00e7\u00f5es e trabalhos? Somos apenas m\u00e1quinas? N\u00e3o, a vida \u00e9 algo mais, e a B\u00edblia tem a resposta para todas as perguntas, e solu\u00e7\u00f5es para todos os problemas\u201d.<\/p>\n\n\n\n<p><strong><em>\u201cNa B\u00edblia h\u00e1 um tesouro (Sl 119.127).\u201d<\/em><\/strong> Ao ser recebido em uma casa onde encontrava-se enferma a filha \u00fanica de uma mulher vi\u00fava, Berg tomou em m\u00e3os um bandolim que ali se encontrava pendurado, e come\u00e7ou a tocar e cantar uma can\u00e7\u00e3o que costumava tocar para a sua m\u00e3e quando ela estava doente, e cuja letra dizia que: \u201cNa B\u00edblia h\u00e1 um tesouro, procura-o\u201d. A menina olhou em sua dire\u00e7\u00e3o e sorriu, coisa que j\u00e1 h\u00e1 muito tempo n\u00e3o fazia. Berg orou pela menina, e algum tempo depois ao visitar aquela casa, a encontrou curada, e m\u00e3e e filha salvas em Cristo Jesus.<\/p>\n\n\n\n<p><strong><em>\u201cF\u00e9 b\u00edblica (2 Ts 2.15).\u201d<\/em><\/strong> Ao conversar com um homem acerca da import\u00e2ncia da leitura da B\u00edblia, visto que segundo aquele homem o padre n\u00e3o permitia tal leitura, Daniel Berg lhe falou que a leitura da B\u00edblia dava a liberdade para que a pr\u00f3pria opini\u00e3o sobre a mesma fosse formada, e de se saber o que \u00e9 crer e viver conforme as Escrituras ensinam. Dessa forma, segundo Berg, \u00e9 poss\u00edvel afirmar se a f\u00e9 que se professa est\u00e1 ou n\u00e3o de acordo com a B\u00edblia, e assim tornar-se melhor crist\u00e3o.<\/p>\n\n\n\n<p><strong><em>\u201cNa B\u00edblia encontramos a verdade (Jo 17.17).\u201d<\/em><\/strong> Em um epis\u00f3dio semelhante, onde mais uma vez o fato da proibi\u00e7\u00e3o por parte dos padres da leitura da B\u00edblia foi mencionado, Berg afirmou para o seu interlocutor que a leitura da B\u00edblia d\u00e1 o privil\u00e9gio de encontrarmos a verdade. Disse ainda que o contato com a B\u00edblia precisa ser di\u00e1rio para que assim alcancemos for\u00e7a, gra\u00e7a e poder. A B\u00edblia n\u00e3o deve ser tratada como porcelana que s\u00f3 \u00e9 usada em dias festivos, quando todos vestem suas melhores roupas. A B\u00edblia n\u00e3o deve ser lida apressadamente e nem desatenciosamente, como muitos costumam fazer, pois dessa forma de pouco adianta a sua leitura.<\/p>\n\n\n\n<p><strong><em>\u201cNa B\u00edblia encontramos dire\u00e7\u00e3o e consolo (Sl 119.1-5; 1 Ts 4.18).\u201d<\/em><\/strong> Uma das mais belas descri\u00e7\u00f5es que Daniel Berg fez da B\u00edblia, foi a que segue: \u201cA B\u00edblia \u2013 continuei minha explana\u00e7\u00e3o \u2013 \u00e9 o melhor amigo a quem podemos recorrer durante nossas preocupa\u00e7\u00f5es, pois em suas p\u00e1ginas encontraremos dire\u00e7\u00e3o e consolo. Atrav\u00e9s de sua leitura vamos diretamente a Jesus para receber aux\u00edlio, que jamais falha. Ela tamb\u00e9m nos ensina a sermos agradecidos ao Senhor, coisa que facilmente esquecemos quando tudo vai bem na vida. Quando assim procedemos, isto \u00e9, quando obedecemos ao Senhor e recebemos resposta para as nossas necessidades e vit\u00f3ria em nossas lutas, sentimo-nos como que voando nas asas da felicidade. \u00c9 bom n\u00e3o esquecer a fonte de todas as b\u00ean\u00e7\u00e3os, \u00e9 bom agradecer ao Senhor\u201d. Busquemos continuamente na B\u00edblia dire\u00e7\u00e3o e consolo!<\/p>\n\n\n\n<p>Aos ler as anota\u00e7\u00f5es dos di\u00e1rios pessoais de Gunnar Vingren e Daniel Berg, os pioneiros das Assembleias de Deus no Brasil, \u00e9 poss\u00edvel ainda constatar a firmeza pentecostal e ortodoxa ali presente no fato de que constantemente se reportam \u00e0 B\u00edblia como \u201ca Palavra de Deus\u201d, ou seja, eles sempre a consideraram atual, divinamente inspirada, inerrante e infal\u00edvel.<\/p>\n\n\n\n<p><strong>Refer\u00eancias<\/strong><\/p>\n\n\n\n<p>BERG, Daniel. <strong><em>Enviado por Deus: <\/em><\/strong><em>edi\u00e7\u00e3o comemorativa<\/em>. Rio de Janeiro: CPAD, 2010.<\/p>\n\n\n\n<p>VINGREN, Ivar. <strong><em>Di\u00e1rio do pioneiro<\/em><\/strong>: <em>edi\u00e7\u00e3o comemorativa.<\/em> Rio de Janeiro: CPAD, 2010.<\/p>\n\n\n\n<p>_________<\/p>\n\n\n<ol class=\"wp-block-footnotes has-small-font-size\"><li id=\"ed26c68b-c186-493a-8770-2a9dc10756b5\">Pastor, escritor e conferencista. Foi membro diretor da Sociedade B\u00edblica do Brasil (SBB), vice-presidente do Conselho de Educa\u00e7\u00e3o e Cultura da Conven\u00e7\u00e3o Geral das Assembleias de Deus no Brasil (CEC-CGADB) e da Assembleia de Deus em Abreu e Lima (IEADALPE), e mission\u00e1rio na It\u00e1lia. Atualmente \u00e9 pastor auxiliar e presidente do Conselho de Doutrina da IEADALPE, e membro do Conselho de Doutrina da Uni\u00e3o de Ministros das Assembleias Deus no Nordeste (UMADENE). \u00c9 mestre em teologia com especializa\u00e7\u00e3o em minist\u00e9rio, especialista em educa\u00e7\u00e3o crist\u00e3 e em psicopedadogia, e licenciado em pedagogia. <a href=\"#ed26c68b-c186-493a-8770-2a9dc10756b5-link\" aria-label=\"Ir para a refer\u00eancia 1 na nota de rodap\u00e9\">\u21a9\ufe0e<\/a><\/li><\/ol>","protected":false},"excerpt":{"rendered":"<p>Por Altair Germano Pastor na AD Abreu e Lima (PE), professor da EETAD e autor das Edi\u00e7\u00f5es Bernhard Johnson Ao [&hellip;]<\/p>\n","protected":false},"author":5,"featured_media":2378,"comment_status":"open","ping_status":"open","sticky":false,"template":"","format":"standard","meta":{"site-sidebar-layout":"default","site-content-layout":"","ast-site-content-layout":"default","site-content-style":"default","site-sidebar-style":"default","ast-global-header-display":"","ast-banner-title-visibility":"","ast-main-header-display":"","ast-hfb-above-header-display":"","ast-hfb-below-header-display":"","ast-hfb-mobile-header-display":"","site-post-title":"","ast-breadcrumbs-content":"","ast-featured-img":"","footer-sml-layout":"","theme-transparent-header-meta":"","adv-header-id-meta":"","stick-header-meta":"","header-above-stick-meta":"","header-main-stick-meta":"","header-below-stick-meta":"","astra-migrate-meta-layouts":"default","ast-page-background-enabled":"default","ast-page-background-meta":{"desktop":{"background-color":"var(--ast-global-color-5)","background-image":"","background-repeat":"repeat","background-position":"center center","background-size":"auto","background-attachment":"scroll","background-type":"","background-media":"","overlay-type":"","overlay-color":"","overlay-opacity":"","overlay-gradient":""},"tablet":{"background-color":"","background-image":"","background-repeat":"repeat","background-position":"center center","background-size":"auto","background-attachment":"scroll","background-type":"","background-media":"","overlay-type":"","overlay-color":"","overlay-opacity":"","overlay-gradient":""},"mobile":{"background-color":"","background-image":"","background-repeat":"repeat","background-position":"center center","background-size":"auto","background-attachment":"scroll","background-type":"","background-media":"","overlay-type":"","overlay-color":"","overlay-opacity":"","overlay-gradient":""}},"ast-content-background-meta":{"desktop":{"background-color":"var(--ast-global-color-4)","background-image":"","background-repeat":"repeat","background-position":"center center","background-size":"auto","background-attachment":"scroll","background-type":"","background-media":"","overlay-type":"","overlay-color":"","overlay-opacity":"","overlay-gradient":""},"tablet":{"background-color":"var(--ast-global-color-4)","background-image":"","background-repeat":"repeat","background-position":"center center","background-size":"auto","background-attachment":"scroll","background-type":"","background-media":"","overlay-type":"","overlay-color":"","overlay-opacity":"","overlay-gradient":""},"mobile":{"background-color":"var(--ast-global-color-4)","background-image":"","background-repeat":"repeat","background-position":"center center","background-size":"auto","background-attachment":"scroll","background-type":"","background-media":"","overlay-type":"","overlay-color":"","overlay-opacity":"","overlay-gradient":""}},"footnotes":"[{\"content\":\"Pastor, escritor e conferencista. Foi membro diretor da Sociedade B\u00edblica do Brasil (SBB), vice-presidente do Conselho de Educa\u00e7\u00e3o e Cultura da Conven\u00e7\u00e3o Geral das Assembleias de Deus no Brasil (CEC-CGADB) e da Assembleia de Deus em Abreu e Lima (IEADALPE), e mission\u00e1rio na It\u00e1lia. Atualmente \u00e9 pastor auxiliar e presidente do Conselho de Doutrina da IEADALPE, e membro do Conselho de Doutrina da Uni\u00e3o de Ministros das Assembleias Deus no Nordeste (UMADENE). \u00c9 mestre em teologia com especializa\u00e7\u00e3o em minist\u00e9rio, especialista em educa\u00e7\u00e3o crist\u00e3 e em psicopedadogia, e licenciado em pedagogia.\",\"id\":\"ed26c68b-c186-493a-8770-2a9dc10756b5\"}]"},"categories":[12,4,17],"tags":[],"class_list":["post-2334","post","type-post","status-publish","format-standard","has-post-thumbnail","hentry","category-biblia-hermeneutica-e-exegese","category-categorias","category-historia"],"_links":{"self":[{"href":"https:\/\/raizespentecostais.com.br\/index.php\/wp-json\/wp\/v2\/posts\/2334","targetHints":{"allow":["GET"]}}],"collection":[{"href":"https:\/\/raizespentecostais.com.br\/index.php\/wp-json\/wp\/v2\/posts"}],"about":[{"href":"https:\/\/raizespentecostais.com.br\/index.php\/wp-json\/wp\/v2\/types\/post"}],"author":[{"embeddable":true,"href":"https:\/\/raizespentecostais.com.br\/index.php\/wp-json\/wp\/v2\/users\/5"}],"replies":[{"embeddable":true,"href":"https:\/\/raizespentecostais.com.br\/index.php\/wp-json\/wp\/v2\/comments?post=2334"}],"version-history":[{"count":11,"href":"https:\/\/raizespentecostais.com.br\/index.php\/wp-json\/wp\/v2\/posts\/2334\/revisions"}],"predecessor-version":[{"id":3244,"href":"https:\/\/raizespentecostais.com.br\/index.php\/wp-json\/wp\/v2\/posts\/2334\/revisions\/3244"}],"wp:featuredmedia":[{"embeddable":true,"href":"https:\/\/raizespentecostais.com.br\/index.php\/wp-json\/wp\/v2\/media\/2378"}],"wp:attachment":[{"href":"https:\/\/raizespentecostais.com.br\/index.php\/wp-json\/wp\/v2\/media?parent=2334"}],"wp:term":[{"taxonomy":"category","embeddable":true,"href":"https:\/\/raizespentecostais.com.br\/index.php\/wp-json\/wp\/v2\/categories?post=2334"},{"taxonomy":"post_tag","embeddable":true,"href":"https:\/\/raizespentecostais.com.br\/index.php\/wp-json\/wp\/v2\/tags?post=2334"}],"curies":[{"name":"wp","href":"https:\/\/api.w.org\/{rel}","templated":true}]}}