{"id":2490,"date":"2025-04-08T00:42:00","date_gmt":"2025-04-08T00:42:00","guid":{"rendered":"https:\/\/raizespentecostais.com.br\/?p=2490"},"modified":"2025-11-06T17:37:04","modified_gmt":"2025-11-06T17:37:04","slug":"para-que-serve-a-teologia","status":"publish","type":"post","link":"https:\/\/raizespentecostais.com.br\/index.php\/para-que-serve-a-teologia\/","title":{"rendered":"Para que serve a Teologia?"},"content":{"rendered":"\t\t<div data-elementor-type=\"wp-post\" data-elementor-id=\"2490\" class=\"elementor elementor-2490\">\n\t\t\t\t<div class=\"elementor-element elementor-element-7ee52bd0 e-flex e-con-boxed e-con e-parent\" data-id=\"7ee52bd0\" data-element_type=\"container\" data-e-type=\"container\">\n\t\t\t\t\t<div class=\"e-con-inner\">\n\t\t\t\t<div class=\"elementor-element elementor-element-3b743fe9 elementor-widget elementor-widget-text-editor\" data-id=\"3b743fe9\" data-element_type=\"widget\" data-e-type=\"widget\" data-widget_type=\"text-editor.default\">\n\t\t\t\t<div class=\"elementor-widget-container\">\n\t\t\t\t\t\t\t\t\t\n<div class=\"wp-block-group is-content-justification-right is-nowrap is-layout-flex wp-container-core-group-is-layout-369f395c wp-block-group-is-layout-flex\">\n<p class=\"has-text-align-right\"><strong>Por Altair Germano<\/strong><sup class=\"fn\" data-fn=\"158a6cd9-050c-4f3a-a3c7-cb45c68fbd9b\"><a id=\"158a6cd9-050c-4f3a-a3c7-cb45c68fbd9b-link\" href=\"#158a6cd9-050c-4f3a-a3c7-cb45c68fbd9b\">1<\/a><\/sup> <br \/><em>Pastor na AD Abreu e Lima (PE), professor da EETAD e autor das Edi\u00e7\u00f5es Bernhard Johnson<\/em><\/p>\n\n<figure class=\"wp-block-gallery has-nested-images columns-default is-cropped wp-block-gallery-2 is-layout-flex wp-block-gallery-is-layout-flex\">\n<figure class=\"wp-block-image size-full\"><img decoding=\"async\" width=\"87\" height=\"86\" data-id=\"2337\" class=\"wp-image-2337\" src=\"http:\/\/raizespentecostais.com.br\/wp-content\/uploads\/2025\/04\/30-mm-Pr.-Altair-Germano-1.png\" alt=\"\" \/><\/figure>\n<\/figure>\n<\/div>\n\n<p class=\"has-drop-cap\">Em seu sentido etimol\u00f3gico, a Teologia \u00e9 basicamente o estudo sobre Deus. De uma perspectiva epistemol\u00f3gica, pode ser definida como o estudo sobre a revela\u00e7\u00e3o de Deus, dada por Ele mesmo aos homens. A palavra deriva do grego <em>theos<\/em> (Deus) e <em>logos<\/em> (estudo, palavra, discurso, afirma\u00e7\u00e3o, etc.). S\u00e3o muitos e diversos os aspectos da nova vida pessoal e ministerial crist\u00e3, em que a teologia pode ser considerada como \u00fatil e relevante. Nosso artigo considerar\u00e1 os seguintes: (a) o conhecimento sobre Deus; (b) a adora\u00e7\u00e3o e o louvor a Deus; (c) a interpreta\u00e7\u00e3o e a exposi\u00e7\u00e3o b\u00edblica; e (d) a defesa da f\u00e9.<\/p>\n\n<h2><strong>A Teologia Serve ao Conhecimento sobre Deus<\/strong><\/h2>\n\n<p>O conhecimento sobre Deus \u00e9 poss\u00edvel de se obter atrav\u00e9s de sua autorrevela\u00e7\u00e3o. Ele se revelou atrav\u00e9s de suas obras e palavras na hist\u00f3ria humana, em seus encontros com indiv\u00edduos em diversas \u00e9pocas e lugares. Ele se revelou ainda atrav\u00e9s de Jesus Cristo e da B\u00edblia (\u00cax 32.9; 3.6; Sl 19.1; Jo 14.9; Rm 1.19,20; 2.15; 2Co 4.4; Cl 1.15, etc.). O conte\u00fado da B\u00edblia \u00e9 aquilo que Ele queria que fosse comunicado. A revela\u00e7\u00e3o de Deus \u00e9 uma express\u00e3o da Sua gra\u00e7a. Graciosamente, o Senhor revelou-se a si mesmo, bem como os seus caminhos e prop\u00f3sitos ao ser humano.\u00a0<\/p>\n\n<p>O conhecimento sobre Deus nos proporciona edifica\u00e7\u00e3o (crescimento, maturidade, progresso, etc.). Mesmo que n\u00e3o alcancemos o \u201ctodo saber\u201d sobre Deus em todas as suas dimens\u00f5es, devemos sempre procurar crescer nesse conhecimento (Jo 16.12,13; Ef 4.15; 2Pe 3.18). Em parte conhecemos (1Co 13.9a).<\/p>\n\n<p>Tal conhecimento (gr. <em>gn\u1e53sis<\/em>) tem implica\u00e7\u00f5es te\u00f3ricas ou cognitivas e pr\u00e1ticas ou experienciais\/relacionais. \u00c9 um conhecimento teologal e pessoal, que envolve saber e experimentar, ci\u00eancia e experi\u00eancia.<\/p>\n\n<h2><strong>A Teologia Serve \u00e0 Adora\u00e7\u00e3o e ao Louvor a Deus<\/strong><\/h2>\n\n<p>A adora\u00e7\u00e3o \u00e9 representada na B\u00edblia, principalmente por duas palavras. No Antigo Testamento \u00e9 utilizado por mais de 170 vezes o termo hebraico <em>sh\u0101h\u0101<\/em>, que significa \u201cadorar, prostrar-se, curvar-se\u201d. A palavra <em>sh\u0101h\u0101<\/em>, apesar de n\u00e3o ser usada exclusivamente em rela\u00e7\u00e3o a Deus, visto que o ato de se curvar \u00e9 compreendido tamb\u00e9m como uma homenagem em respeito a um superior ou soberano humano (Gn 37.5,7,8; 1Sm 24.8; Rt 2.10 ss.), \u00e9 o termo mais comum utilizado para se referir ao ato de estar diante de Deus em atitude de adora\u00e7\u00e3o (1Sm 15.25; Jr 7.2), sendo \u00e0s vezes colocado junto com outro verbo hebraico que significa curvar-se fisicamente, seguido por adorar (\u00cax 34.8). No Novo Testamento ganha destaque o termo grego <em>proskyne\u014d<\/em> (59 vezes), que significa \u201cprostra-se, prestar homenagem a algu\u00e9m\u201d (Mt 2.2,8,11; 4.9; Mc 5.6; 15.19 Lc 4.7,8; Jo 4.20-22 ss.). Outras palavras no hebraico b\u00edblico e no grego do Novo Testamento s\u00e3o utilizadas para definir a atividade de adora\u00e7\u00e3o, as quais destacamos: <em>\u2018\u0101bad<\/em> (2 Rs 10.19-23), <em>s\u0101gad<\/em> (Is 44.15,17,19; 46.6; Dn 2.46), <em>latreu\u014d<\/em> (At 24.14; Fp 3.3) e <em>thr\u0113skeia<\/em> (Cl 2.18).\u00a0<\/p>\n\n<p>No hebraico b\u00edblico encontramos algumas palavras que s\u00e3o traduzidas como \u201clouvar\u201d e \u201clouvor\u201d, das quais destacamos duas. A primeira \u00e9 o verbo <em>h\u0101lal<\/em>, que significa \u201clouvar, celebrar, glorificar, cantar louvores, gloriar-se\u201d. O termo \u00e9 utilizado para louvar ou expressar admira\u00e7\u00e3o por pessoas (Gn 12.15; 2Sm 14.15; 2Cr 23.12 ss.), e para louvar a Deus (Sl 148.2-5,13; 150.1). A segunda palavra hebraica usada para \u201clouvar\u201d \u00e9 o verbo <em>y\u0101d\u0101h<\/em>, que significa \u201cagradecer, louvar, glorificar\u201d, e \u00e9 encontrado cerca de 120 vezes na B\u00edblia hebraica (aproximadamente 70 vezes nos Salmos). Ela \u00e9 usada em rela\u00e7\u00e3o \u00e0 adora\u00e7\u00e3o p\u00fablica e pessoal (Sl 30.9,12; 106.47; 122.4 ss.).\u00a0<\/p>\n\n<p>No Novo Testamento temos os verbos gregos: (1) <em>aine\u014d<\/em>, que significa \u201cfalar em louvor de, louvar\u201d (Lc 2.13,20; 19.37; 24.53; At 2.20,47; 3.8,9; Rm 15.11; Ap 19. 5 ss,); (2) <em>hymne\u014d<\/em>, que denota \u201ccantar, louvar, enaltecer, cantar hinos\u201d (Mt 26.30; Mc 14.26; At 16.25; Hb 2.12); (3) <em>psall\u014d<\/em>, que significa \u201ccantar hinos, cantar louvores\u201d (Tg 5.13); e (3) <em>exomologe\u014d<\/em>, \u201ceu te louvarei\u201d (Rm 15.9). Os substantivos gregos traduzidos por \u201clouvor\u201d s\u00e3o: (1) <em>ainos<\/em> (Mt 21.16 Lc 18.43 ss.); (2) <em>epainos<\/em>, que denota \u201caprova\u00e7\u00e3o, elogio, louvor\u201d (Rm 13.13; 1Co 4.5; 2Co 8.18; Ef 1.6,12,14; Fp 4.8; 1Pe 1.7; 2.14 ss.); e (3) <em>ainesis<\/em>, \u201clouvor\u201d (Hb 13.15).\u00a0<\/p>\n\n<p>A teologia pode ser considerada como um ato de adora\u00e7\u00e3o a Deus. Atrav\u00e9s do estudo teol\u00f3gico nos aprofundamos no conhecimento sobre Deus, e esse maior conhecimento nos proporciona uma maior profundidade ou intimidade com Ele e na adora\u00e7\u00e3o a Ele.\u00a0<\/p>\n\n<p>A nossa adora\u00e7\u00e3o e louvor ao Senhor, que faz parte do nosso culto e relacionamento com Ele, precisam estar fundamentados na obedi\u00eancia \u00e0 Sua vontade, conforme revelada nas Escrituras Sagradas. A teologia correta (ortodoxia) contribuir\u00e1 para a adora\u00e7\u00e3o e o louvor corretos (ortodoxologia).\u00a0<\/p>\n\n<h2><strong>A Teologia Serve \u00e0 Interpreta\u00e7\u00e3o e \u00e0 Exposi\u00e7\u00e3o B\u00edblica<\/strong><\/h2>\n\n<p>\u00c9 atrav\u00e9s da Teologia Exeg\u00e9tica que buscamos o sentido original intencionado pelo Autor ao interpretarmos o Texto Sagrado.\u00a0 Esse sentido original pretendido pelo Autor \u00e9 exatamente aquilo que diz respeito \u00e0 inten\u00e7\u00e3o divina ao inspirar a B\u00edblia.\u00a0<\/p>\n\n<p>Quando tratamos de interpreta\u00e7\u00e3o b\u00edblica, dois termos precisam ser inicialmente definidos: hermen\u00eautica e exegese. A hermen\u00eautica pode ser definida como o conjunto de regras e m\u00e9todos para a interpreta\u00e7\u00e3o de textos, enquanto a exegese \u00e9 a hermen\u00eautica na pr\u00e1tica, que visa extrair do texto b\u00edblico o seu significado e a inten\u00e7\u00e3o autoral. \u00a0<\/p>\n\n<p>Aprendemos com a Teologia que com o abuso das interpreta\u00e7\u00f5es b\u00edblicas aleg\u00f3ricas da Igreja medieval, o m\u00e9todo hist\u00f3rico-gramatical foi desenvolvido pelos Reformadores, que estavam interessados em chegar ao sentido \u00f3bvio, claro e simples das Escrituras. A observa\u00e7\u00e3o das quest\u00f5es gramaticais e do contexto hist\u00f3rico do autor e de seus leitores originais deveriam ser consideradas. A necessidade da ilumina\u00e7\u00e3o do Esp\u00edrito n\u00e3o foi descartada, visto que as Escrituras eram inspiradas por Deus. Os Reformadores se preocuparam em determinar a inten\u00e7\u00e3o do autor, que seria o sentido pretendido por Deus. As interpreta\u00e7\u00f5es do passado que concordavam com as Escrituras n\u00e3o foram desprezadas. Os m\u00e9todos de an\u00e1lise textual desenvolvidos pelos Reformadores s\u00e3o usados ainda hoje, e evang\u00e9licos conservadores, como os pentecostais cl\u00e1ssicos, continuam prestando aten\u00e7\u00e3o neles como fonte de inspira\u00e7\u00e3o.\u00a0<\/p>\n\n<p>A fidelidade e integridade doutrin\u00e1ria na exposi\u00e7\u00e3o b\u00edblica est\u00e1 diretamente associada \u00e0 boa interpreta\u00e7\u00e3o. Al\u00e9m disso, o estudo teol\u00f3gico nos proporciona atrav\u00e9s da homil\u00e9tica a oportunidade de aprendermos e aplicarmos os princ\u00edpios e fundamentos da prega\u00e7\u00e3o e do ensino da Palavra de Deus. A hermen\u00eautica, a exegese e a homil\u00e9tica s\u00e3o disciplinas e conhecimentos, dentre outros, que fazem parte da \u201cteologia pr\u00e1tica\u201d, ou seja, daqueles aspectos da teologia que devem ser tamb\u00e9m aplicados ao nosso fazer crist\u00e3o e ministerial (servi\u00e7o).<\/p>\n\n<h2><strong>A Teologia Serve \u00e0 Defesa da F\u00e9\u00a0<\/strong><\/h2>\n\n<p>Em sua fun\u00e7\u00e3o apolog\u00e9tica a teologia possibilita o combate ao erro ou desvios (heresias), pois pressup\u00f5e o conhecimento da verdade doutrin\u00e1ria ou da ortodoxia (1Tm 1.3; 4.1,2; 6.3-5; 2Tm 4.1-4; Tt 1.9-11; 3.10,11). No Novo Testamento, a igreja teve que combater os ataques de fora e os desvios de dentro (Jd 3). Os falsos mestres tentavam disseminar na igreja o gnosticismo, uma mistura de f\u00e9 crist\u00e3 e filosofia secular, que considerava a mat\u00e9ria maligna e negavam a encarna\u00e7\u00e3o real e a ressurrei\u00e7\u00e3o corporal do Filho de Deus (1Jo 2.22; 4.1-3), e o legalismo, uma mistura de f\u00e9 crist\u00e3 e juda\u00edsmo, que exigia dos crist\u00e3o a observa\u00e7\u00e3o de cerim\u00f4nias e ritos judaicos para fins de salva\u00e7\u00e3o (At 15.1,2; 1Co 7.17-20; Gl 2.1-14; 5.6).\u00a0<\/p>\n\n<p>Ao longo da Hist\u00f3ria da Igreja, muitos desvios doutrin\u00e1rios surgiram. Atualmente, considerando o contexto pentecostal e assembleiano, h\u00e1 tentativas de disseminar no seio das Assembleias de Deus, no Brasil, a doutrina calvinista da predestina\u00e7\u00e3o, os progressismos evang\u00e9lico (ideologiza\u00e7\u00e3o p\u00f3s-marxista da f\u00e9), o ecumenismo (aproxima\u00e7\u00e3o\/uni\u00e3o\/fus\u00e3o de todas as tradi\u00e7\u00f5es crist\u00e3) e o pluralismo religioso (aproxima\u00e7\u00e3o\/uni\u00e3o\/fus\u00e3o de todas as religi\u00f5es).\u00a0<\/p>\n\n<p>O conhecimento teol\u00f3gico-ortodoxo nos ajuda a identificarmos os ventos de doutrina que sopram de fora, e os desvios doutrin\u00e1rios que emergem de dentro da Igreja (At 20.29,30; Ef 4.11-14; Jd 3,4), e nos fornecem os meios e orienta\u00e7\u00f5es adequadas para combat\u00ea-los (2Tm 3.1-5,10,14; 4.1-4; Tt 1.10-14; 2.1; 3.10,11).<\/p>\n\n<h2><strong>Conclus\u00e3o<\/strong><\/h2>\n\n<p>Como observamos, a Teologia n\u00e3o diz respeito \u00e0s especula\u00e7\u00f5es meramente te\u00f3ricas e improdutivas, como alguns dela se instrumentalizam. Mesmo em sua dimens\u00e3o mais te\u00f3rica, a Teologia produz o devido conhecimento e edifica\u00e7\u00e3o, que resultam em mudan\u00e7as e transforma\u00e7\u00f5es em nosso modo de pensar, ser e fazer.\u00a0<\/p>\n\n<blockquote class=\"wp-block-quote is-layout-flow wp-block-quote-is-layout-flow\">\n<p>A Teologia \u00e9 \u00fatil, sem ser utilitarista.<\/p>\n\n<p>A Teologia \u00e9 pr\u00e1tica, sem ser pragm\u00e1tica.<\/p>\n\n<p>A Teologia nos serve, e nos capacita para ser, saber e servir melhor para a gl\u00f3ria de Deus!<\/p>\n<\/blockquote>\n\n<h4>Para ampliar seu conhecimento sobre o assunto, consulte as seguintes obras:<\/h4>\n\n<ul class=\"wp-block-list\">\n<li><strong><em>Meus conselhos aos jovens te\u00f3logos<\/em><\/strong> &#8211; Claudionor de Andrade. Edi\u00e7\u00f5es Bernhard Johnson, 2023.<\/li>\n\n<li><strong><em>Voc\u00ea \u00e9 te\u00f3logo e n\u00e3o sabe<\/em><\/strong> &#8211; Gunar Berg. Edi\u00e7\u00f5es Bernhard Johnson, 2020.<\/li>\n\n<li><strong><em>Hist\u00f3ria da Interpreta\u00e7\u00e3o B\u00edblica<\/em><\/strong> &#8211; Gerald Bray. Vida Nova, 2017.<\/li>\n\n<li><strong><em>A S\u00e3 Doutrina: uma perspectiva pentecostal cl\u00e1ssica<\/em><\/strong> &#8211; Altair Germano. Edi\u00e7\u00f5es Bernhard Johnson, 2023.<\/li>\n\n<li><strong><em>Introdu\u00e7\u00e3o \u00e0 teologia crist\u00e3<\/em><\/strong> &#8211; Justo L. Gonz\u00e1lez e Zaida M. P\u00e9rez Hagnos, 2008.<\/li>\n\n<li><strong><em>Introdu\u00e7\u00e3o \u00e0 teologia evang\u00e9lica: uma an\u00e1lise do tecido teol\u00f3gico<\/em><\/strong> &#8211; Richard Lintz. Vida Nova, 2022.<\/li>\n\n<li><strong><em>Uma introdu\u00e7\u00e3o \u00e0 teologia: das quest\u00f5es preliminares, da voca\u00e7\u00e3o e do labor teol\u00f3gico<\/em><\/strong> &#8211; James M. Sawyer. Editora Vida, 2009.<\/li>\n<\/ul>\n\n<div class=\"wp-block-spacer\" style=\"height: 60px;\" aria-hidden=\"true\">\u00a0<\/div>\n<ol class=\"wp-block-footnotes has-small-font-size\"><li id=\"158a6cd9-050c-4f3a-a3c7-cb45c68fbd9b\">Pastor, escritor e conferencista. Foi membro diretor da Sociedade B\u00edblica do Brasil (SBB), vice-presidente do Conselho de Educa\u00e7\u00e3o e Cultura da Conven\u00e7\u00e3o Geral das Assembleias de Deus no Brasil (CEC-CGADB) e da Assembleia de Deus em Abreu e Lima (IEADALPE), e mission\u00e1rio na It\u00e1lia. Atualmente \u00e9 pastor auxiliar e presidente do Conselho de Doutrina da IEADALPE, e membro do Conselho de Doutrina da Uni\u00e3o de Ministros das Assembleias Deus no Nordeste (UMADENE). \u00c9 mestre em teologia com especializa\u00e7\u00e3o em minist\u00e9rio, especialista em educa\u00e7\u00e3o crist\u00e3 e em psicopedadogia, e licenciado em pedagogia. <a href=\"#158a6cd9-050c-4f3a-a3c7-cb45c68fbd9b-link\" aria-label=\"Ir para a refer\u00eancia 1 na nota de rodap\u00e9\">\u21a9\ufe0e<\/a><\/li><\/ol>\t\t\t\t\t\t\t\t<\/div>\n\t\t\t\t<\/div>\n\t\t\t\t\t<\/div>\n\t\t\t\t<\/div>\n\t\t\t\t<\/div>\n\t\t","protected":false},"excerpt":{"rendered":"<p>Por Altair Germano1 Pastor na AD Abreu e Lima (PE), professor da EETAD e autor das Edi\u00e7\u00f5es Bernhard Johnson Em [&hellip;]<\/p>\n","protected":false},"author":5,"featured_media":2649,"comment_status":"open","ping_status":"open","sticky":false,"template":"","format":"standard","meta":{"site-sidebar-layout":"default","site-content-layout":"","ast-site-content-layout":"default","site-content-style":"default","site-sidebar-style":"default","ast-global-header-display":"","ast-banner-title-visibility":"","ast-main-header-display":"","ast-hfb-above-header-display":"","ast-hfb-below-header-display":"","ast-hfb-mobile-header-display":"","site-post-title":"","ast-breadcrumbs-content":"","ast-featured-img":"","footer-sml-layout":"","theme-transparent-header-meta":"","adv-header-id-meta":"","stick-header-meta":"","header-above-stick-meta":"","header-main-stick-meta":"","header-below-stick-meta":"","astra-migrate-meta-layouts":"default","ast-page-background-enabled":"default","ast-page-background-meta":{"desktop":{"background-color":"var(--ast-global-color-5)","background-image":"","background-repeat":"repeat","background-position":"center center","background-size":"auto","background-attachment":"scroll","background-type":"","background-media":"","overlay-type":"","overlay-color":"","overlay-opacity":"","overlay-gradient":""},"tablet":{"background-color":"","background-image":"","background-repeat":"repeat","background-position":"center center","background-size":"auto","background-attachment":"scroll","background-type":"","background-media":"","overlay-type":"","overlay-color":"","overlay-opacity":"","overlay-gradient":""},"mobile":{"background-color":"","background-image":"","background-repeat":"repeat","background-position":"center center","background-size":"auto","background-attachment":"scroll","background-type":"","background-media":"","overlay-type":"","overlay-color":"","overlay-opacity":"","overlay-gradient":""}},"ast-content-background-meta":{"desktop":{"background-color":"var(--ast-global-color-4)","background-image":"","background-repeat":"repeat","background-position":"center center","background-size":"auto","background-attachment":"scroll","background-type":"","background-media":"","overlay-type":"","overlay-color":"","overlay-opacity":"","overlay-gradient":""},"tablet":{"background-color":"var(--ast-global-color-4)","background-image":"","background-repeat":"repeat","background-position":"center center","background-size":"auto","background-attachment":"scroll","background-type":"","background-media":"","overlay-type":"","overlay-color":"","overlay-opacity":"","overlay-gradient":""},"mobile":{"background-color":"var(--ast-global-color-4)","background-image":"","background-repeat":"repeat","background-position":"center center","background-size":"auto","background-attachment":"scroll","background-type":"","background-media":"","overlay-type":"","overlay-color":"","overlay-opacity":"","overlay-gradient":""}},"footnotes":"[{\"content\":\"Pastor, escritor e conferencista. Foi membro diretor da Sociedade B\u00edblica do Brasil (SBB), vice-presidente do Conselho de Educa\u00e7\u00e3o e Cultura da Conven\u00e7\u00e3o Geral das Assembleias de Deus no Brasil (CEC-CGADB) e da Assembleia de Deus em Abreu e Lima (IEADALPE), e mission\u00e1rio na It\u00e1lia. Atualmente \u00e9 pastor auxiliar e presidente do Conselho de Doutrina da IEADALPE, e membro do Conselho de Doutrina da Uni\u00e3o de Ministros das Assembleias Deus no Nordeste (UMADENE). \u00c9 mestre em teologia com especializa\u00e7\u00e3o em minist\u00e9rio, especialista em educa\u00e7\u00e3o crist\u00e3 e em psicopedadogia, e licenciado em pedagogia.\",\"id\":\"158a6cd9-050c-4f3a-a3c7-cb45c68fbd9b\"}]"},"categories":[16],"tags":[],"class_list":["post-2490","post","type-post","status-publish","format-standard","has-post-thumbnail","hentry","category-teologia-doutrinas"],"_links":{"self":[{"href":"https:\/\/raizespentecostais.com.br\/index.php\/wp-json\/wp\/v2\/posts\/2490","targetHints":{"allow":["GET"]}}],"collection":[{"href":"https:\/\/raizespentecostais.com.br\/index.php\/wp-json\/wp\/v2\/posts"}],"about":[{"href":"https:\/\/raizespentecostais.com.br\/index.php\/wp-json\/wp\/v2\/types\/post"}],"author":[{"embeddable":true,"href":"https:\/\/raizespentecostais.com.br\/index.php\/wp-json\/wp\/v2\/users\/5"}],"replies":[{"embeddable":true,"href":"https:\/\/raizespentecostais.com.br\/index.php\/wp-json\/wp\/v2\/comments?post=2490"}],"version-history":[{"count":7,"href":"https:\/\/raizespentecostais.com.br\/index.php\/wp-json\/wp\/v2\/posts\/2490\/revisions"}],"predecessor-version":[{"id":3968,"href":"https:\/\/raizespentecostais.com.br\/index.php\/wp-json\/wp\/v2\/posts\/2490\/revisions\/3968"}],"wp:featuredmedia":[{"embeddable":true,"href":"https:\/\/raizespentecostais.com.br\/index.php\/wp-json\/wp\/v2\/media\/2649"}],"wp:attachment":[{"href":"https:\/\/raizespentecostais.com.br\/index.php\/wp-json\/wp\/v2\/media?parent=2490"}],"wp:term":[{"taxonomy":"category","embeddable":true,"href":"https:\/\/raizespentecostais.com.br\/index.php\/wp-json\/wp\/v2\/categories?post=2490"},{"taxonomy":"post_tag","embeddable":true,"href":"https:\/\/raizespentecostais.com.br\/index.php\/wp-json\/wp\/v2\/tags?post=2490"}],"curies":[{"name":"wp","href":"https:\/\/api.w.org\/{rel}","templated":true}]}}