{"id":2528,"date":"2025-04-09T14:41:13","date_gmt":"2025-04-09T14:41:13","guid":{"rendered":"https:\/\/raizespentecostais.com.br\/?p=2528"},"modified":"2025-10-20T19:30:55","modified_gmt":"2025-10-20T19:30:55","slug":"uma-escola-de-raizes","status":"publish","type":"post","link":"https:\/\/raizespentecostais.com.br\/index.php\/uma-escola-de-raizes\/","title":{"rendered":"Uma Escola de Ra\u00edzes"},"content":{"rendered":"\n<div class=\"wp-block-group is-content-justification-right is-nowrap is-layout-flex wp-container-core-group-is-layout-369f395c wp-block-group-is-layout-flex\">\n<p class=\"has-text-align-right\"><strong>Por Pr. Terry Johnson <\/strong> <br><em>Presidente da EETAD e Edi\u00e7\u00f5es Bernhard Johnson<\/em><\/p>\n\n\n\n<figure class=\"wp-block-gallery has-nested-images columns-default is-cropped wp-block-gallery-1 is-layout-flex wp-block-gallery-is-layout-flex\">\n<figure class=\"wp-block-image size-full\"><img decoding=\"async\" width=\"87\" height=\"86\" data-id=\"2267\" src=\"http:\/\/raizespentecostais.com.br\/wp-content\/uploads\/2024\/12\/30-mm-Pr.-Terry-Johnson.png\" alt=\"\" class=\"wp-image-2267\"\/><\/figure>\n<\/figure>\n<\/div>\n\n\n\n<div style=\"height:60px\" aria-hidden=\"true\" class=\"wp-block-spacer\"><\/div>\n\n\n\n<p class=\"has-drop-cap\">A linda propriedade em que nossa sede nacional est\u00e1, j\u00e1 foi, ainda na \u00e9poca do Imp\u00e9rio do Brasil, parte de uma grande fazenda. Conforme as gera\u00e7\u00f5es dos herdeiros destas terras se iam, os seus descendentes, a cada temporada, retalhavam o esp\u00f3lio recebido de seus pais, av\u00f3s e bisav\u00f3s, at\u00e9 que, por fim, j\u00e1 n\u00e3o existe alguma propriedade que ao menos fa\u00e7a lembrar a grandeza que estas terras um dia foram. Apesar disso, restam aqui \u00e1rvores seculares, antigas mesmo, e que nos d\u00e3o certo trabalho at\u00e9, pois as suas ra\u00edzes s\u00e3o t\u00e3o fortes, de t\u00e3o grosso calibre, que s\u00e3o capazes de romper canteiros, cal\u00e7amentos e at\u00e9 alicerces. N\u00e3o faz muito tempo, uma destas gigantes foi severamente podada pois os seus pesados galhos amea\u00e7avam um acidente com a rede el\u00e9trica. Mesmo assim, nota-se que o tronco restante ainda vive, pois as ra\u00edzes s\u00e3o muito maiores do que a copa um dia j\u00e1 foi, e, a\u00ed, mora o segredo da perenidade, nas profundas ra\u00edzes.<\/p>\n\n\n\n<p>Durante suas quatro d\u00e9cadas e meia de exist\u00eancia, nossa querida Escola, tal qual a Igreja de nosso Senhor, sofreu e presenciou dificuldades e mudan\u00e7as quase incalcul\u00e1veis. Desde 1979, vimos as congrega\u00e7\u00f5es se desinteressarem do evangelismo em massa, t\u00e3o eficaz nas d\u00e9cadas anteriores. Igualmente, resistimos quando o humanismo tomou os p\u00falpitos e dominou a hin\u00f3dia, j\u00e1 d\u00e9cada de 1980. Mantivemo-nos firmes quando a confiss\u00e3o regressiva de pecados virou uma moda global nos idos de 1990, negando o efeito retroativo do sangue de Cristo na vida do pecador arrependido; e n\u00e3o cedemos, nem por uma hora, aos avivamentos extravagantes do final daquela mesma d\u00e9cada. Quando os anos 2000 chegaram revivendo a Nova Era, sustentamos firme a austeridade b\u00edblica, refutando o misticismo evang\u00e9lico. Escola conservadora que somos, posicionamo-nos firmemente quando as autoridades da educa\u00e7\u00e3o no Brasil quiseram colocar seus cabrestos nos semin\u00e1rios evang\u00e9licos, conduzindo-os ao liberalismo dos \u00faltimos vinte anos. Na presente d\u00e9cada, temos pregado ativamente a atualidade dos dons espirituais, a inspira\u00e7\u00e3o inquestion\u00e1vel da B\u00edblia, o livre arb\u00edtrio do homem e o arrebatamento anterior \u00e0 Grande Tribula\u00e7\u00e3o. Mas como foi poss\u00edvel que tantos ventos de doutrina n\u00e3o nos houvessem levado \u00e0 roda de seus rumos tortuosos? A explica\u00e7\u00e3o est\u00e1 nas profundas ra\u00edzes que temos.<\/p>\n\n\n\n<p>Nos estudos b\u00edblicos que ministro, nas aulas que aplico, nas prega\u00e7\u00f5es que entrego,&nbsp; fa\u00e7o quest\u00e3o de contar como Deus usou meus av\u00f3s, os mission\u00e1rios Bernhard \u201cPai\u201d e Antonette Johnson, bem como aos meus pais, Bernhard Johnson Jr. e Doris, para ganhar incalcul\u00e1veis almas para Cristo, tanto nos rinc\u00f5es quase esquecidos das Minas Gerais, como nas imponentes cruzadas evangel\u00edsticas. \u00c9 meu prazer lembrar os milagres v\u00e1rios operados pelo Senhor atrav\u00e9s das vidas de meus antepassados, e eu tenho gozo espiritual em dizer que tamb\u00e9m j\u00e1 fui, e sou, instrumento de Deus para a realiza\u00e7\u00e3o outros sinais \u2013 pois a promessa diz respeito a n\u00f3s.<\/p>\n\n\n\n<p>A minha insist\u00eancia com esses testemunhos \u00e9 motivada pelas mesmas raz\u00f5es que fazem esta edi\u00e7\u00e3o de \u201cRa\u00edzes Pentecostais\u201d intitular-se \u201cDe volta ao cen\u00e1culo\u201d: a atualidade dos dons espirituais e as caracter\u00edsticas que nos definem como aut\u00eanticos pentecostais. Eu creio nisso. Eu vi e vejo este poder mover-se. Eu li a seu respeito na B\u00edblia Sagrada.<\/p>\n\n\n\n<p>A EETAD tem ra\u00edzes profundas como as das antiqu\u00edssimas \u00e1rvores que fazem agrad\u00e1veis sombras em nossa sede. As nossas ra\u00edzes, no entanto, n\u00e3o est\u00e3o na terra, est\u00e3o nas Escrituras, em toda ela, do G\u00eanesis ao Apocalipse, mas, agora, especialmente, em Atos 2, naquele desconhecido cen\u00e1culo, naquele c\u00f4modo disputado pelos primeiros cento e vinte crist\u00e3os batizados com o Esp\u00edrito Santo. Nutrimo-nos daquilo que Lucas contou a respeito do dia em que a Igreja foi inaugurada. Alimentamo-nos das palavras divinamente inspiradas do m\u00e9dico amado. Mantemo-nos em p\u00e9, resistindo aos ventos e tempestades her\u00e9ticos, pois j\u00e1 nos agarramos \u00e0 palavra de Deus, e dela recebemos o poder que em n\u00f3s flui e por n\u00f3s opera sinais e maravilhas.<\/p>\n\n\n\n<p>\u00c9 sugestivo notar que a EETAD tamb\u00e9m \u00e9 uma heran\u00e7a. Em seu caso, por\u00e9m, este esp\u00f3lio n\u00e3o \u00e9 meu, embora eu seja o seu Presidente, e o seu fundador tenha sido o meu saudoso pai, o Mission\u00e1rio Bernhard Johnson Jr. O assombroso legado que a EETAD \u00e9 pertence aos milh\u00f5es de crist\u00e3os brasileiros, portugueses, angolanos, mo\u00e7ambicanos, mexicanos, peruanos, colombianos, uruguaios, equatorianos e argentinos cujas vidas t\u00eam sido transformadas atrav\u00e9s das vidas dos milhares de alunos formados pela EETAD durante seus quarenta e cinco anos de atividades ininterruptas. Esta frondosa sombra que nos refresca em dias escaldantes, e que nos abriga de tempestades, \u00e9 de todos n\u00f3s, da Igreja do Senhor, afinal, ela \u00e9 obra do mesmo Deus. \u00c0 dedicada equipe que, em nossa sede nacional, cuida desta \u00e1rvore lind\u00edssima, cabe a tarefa de faz\u00ea-la mais acirradamente enraizar-se na B\u00edblia, de onde nunca poder\u00e1 ser arrancada.<\/p>\n\n\n\n<figure class=\"wp-block-image size-large\"><img fetchpriority=\"high\" decoding=\"async\" width=\"1024\" height=\"768\" src=\"http:\/\/raizespentecostais.com.br\/wp-content\/uploads\/2025\/04\/Imagem-138-1024x768.jpg\" alt=\"\" class=\"wp-image-2653\" srcset=\"https:\/\/raizespentecostais.com.br\/wp-content\/uploads\/2025\/04\/Imagem-138-1024x768.jpg 1024w, https:\/\/raizespentecostais.com.br\/wp-content\/uploads\/2025\/04\/Imagem-138-300x225.jpg 300w, https:\/\/raizespentecostais.com.br\/wp-content\/uploads\/2025\/04\/Imagem-138-768x576.jpg 768w, https:\/\/raizespentecostais.com.br\/wp-content\/uploads\/2025\/04\/Imagem-138-1536x1152.jpg 1536w, https:\/\/raizespentecostais.com.br\/wp-content\/uploads\/2025\/04\/Imagem-138-2048x1536.jpg 2048w\" sizes=\"(max-width: 1024px) 100vw, 1024px\" \/><\/figure>\n","protected":false},"excerpt":{"rendered":"<p>Por Pr. Terry Johnson Presidente da EETAD e Edi\u00e7\u00f5es Bernhard Johnson A linda propriedade em que nossa sede nacional est\u00e1, [&hellip;]<\/p>\n","protected":false},"author":12,"featured_media":2531,"comment_status":"open","ping_status":"open","sticky":false,"template":"","format":"standard","meta":{"site-sidebar-layout":"default","site-content-layout":"","ast-site-content-layout":"default","site-content-style":"default","site-sidebar-style":"default","ast-global-header-display":"","ast-banner-title-visibility":"","ast-main-header-display":"","ast-hfb-above-header-display":"","ast-hfb-below-header-display":"","ast-hfb-mobile-header-display":"","site-post-title":"","ast-breadcrumbs-content":"","ast-featured-img":"","footer-sml-layout":"","theme-transparent-header-meta":"","adv-header-id-meta":"","stick-header-meta":"","header-above-stick-meta":"","header-main-stick-meta":"","header-below-stick-meta":"","astra-migrate-meta-layouts":"default","ast-page-background-enabled":"default","ast-page-background-meta":{"desktop":{"background-color":"var(--ast-global-color-5)","background-image":"","background-repeat":"repeat","background-position":"center center","background-size":"auto","background-attachment":"scroll","background-type":"","background-media":"","overlay-type":"","overlay-color":"","overlay-opacity":"","overlay-gradient":""},"tablet":{"background-color":"","background-image":"","background-repeat":"repeat","background-position":"center center","background-size":"auto","background-attachment":"scroll","background-type":"","background-media":"","overlay-type":"","overlay-color":"","overlay-opacity":"","overlay-gradient":""},"mobile":{"background-color":"","background-image":"","background-repeat":"repeat","background-position":"center center","background-size":"auto","background-attachment":"scroll","background-type":"","background-media":"","overlay-type":"","overlay-color":"","overlay-opacity":"","overlay-gradient":""}},"ast-content-background-meta":{"desktop":{"background-color":"var(--ast-global-color-4)","background-image":"","background-repeat":"repeat","background-position":"center center","background-size":"auto","background-attachment":"scroll","background-type":"","background-media":"","overlay-type":"","overlay-color":"","overlay-opacity":"","overlay-gradient":""},"tablet":{"background-color":"var(--ast-global-color-4)","background-image":"","background-repeat":"repeat","background-position":"center center","background-size":"auto","background-attachment":"scroll","background-type":"","background-media":"","overlay-type":"","overlay-color":"","overlay-opacity":"","overlay-gradient":""},"mobile":{"background-color":"var(--ast-global-color-4)","background-image":"","background-repeat":"repeat","background-position":"center center","background-size":"auto","background-attachment":"scroll","background-type":"","background-media":"","overlay-type":"","overlay-color":"","overlay-opacity":"","overlay-gradient":""}},"footnotes":""},"categories":[4,16],"tags":[],"class_list":["post-2528","post","type-post","status-publish","format-standard","has-post-thumbnail","hentry","category-categorias","category-teologia-doutrinas"],"_links":{"self":[{"href":"https:\/\/raizespentecostais.com.br\/index.php\/wp-json\/wp\/v2\/posts\/2528","targetHints":{"allow":["GET"]}}],"collection":[{"href":"https:\/\/raizespentecostais.com.br\/index.php\/wp-json\/wp\/v2\/posts"}],"about":[{"href":"https:\/\/raizespentecostais.com.br\/index.php\/wp-json\/wp\/v2\/types\/post"}],"author":[{"embeddable":true,"href":"https:\/\/raizespentecostais.com.br\/index.php\/wp-json\/wp\/v2\/users\/12"}],"replies":[{"embeddable":true,"href":"https:\/\/raizespentecostais.com.br\/index.php\/wp-json\/wp\/v2\/comments?post=2528"}],"version-history":[{"count":4,"href":"https:\/\/raizespentecostais.com.br\/index.php\/wp-json\/wp\/v2\/posts\/2528\/revisions"}],"predecessor-version":[{"id":3227,"href":"https:\/\/raizespentecostais.com.br\/index.php\/wp-json\/wp\/v2\/posts\/2528\/revisions\/3227"}],"wp:featuredmedia":[{"embeddable":true,"href":"https:\/\/raizespentecostais.com.br\/index.php\/wp-json\/wp\/v2\/media\/2531"}],"wp:attachment":[{"href":"https:\/\/raizespentecostais.com.br\/index.php\/wp-json\/wp\/v2\/media?parent=2528"}],"wp:term":[{"taxonomy":"category","embeddable":true,"href":"https:\/\/raizespentecostais.com.br\/index.php\/wp-json\/wp\/v2\/categories?post=2528"},{"taxonomy":"post_tag","embeddable":true,"href":"https:\/\/raizespentecostais.com.br\/index.php\/wp-json\/wp\/v2\/tags?post=2528"}],"curies":[{"name":"wp","href":"https:\/\/api.w.org\/{rel}","templated":true}]}}