{"id":2549,"date":"2025-04-11T13:16:08","date_gmt":"2025-04-11T13:16:08","guid":{"rendered":"https:\/\/raizespentecostais.com.br\/?p=2549"},"modified":"2025-11-06T16:35:02","modified_gmt":"2025-11-06T16:35:02","slug":"do-cenaculo-ao-gueto","status":"publish","type":"post","link":"https:\/\/raizespentecostais.com.br\/index.php\/do-cenaculo-ao-gueto\/","title":{"rendered":"Do cen\u00e1culo ao gueto"},"content":{"rendered":"\t\t<div data-elementor-type=\"wp-post\" data-elementor-id=\"2549\" class=\"elementor elementor-2549\">\n\t\t\t\t<div class=\"elementor-element elementor-element-51fea792 e-flex e-con-boxed e-con e-parent\" data-id=\"51fea792\" data-element_type=\"container\" data-e-type=\"container\">\n\t\t\t\t\t<div class=\"e-con-inner\">\n\t\t\t\t<div class=\"elementor-element elementor-element-2f6d4f72 elementor-widget elementor-widget-text-editor\" data-id=\"2f6d4f72\" data-element_type=\"widget\" data-e-type=\"widget\" data-widget_type=\"text-editor.default\">\n\t\t\t\t<div class=\"elementor-widget-container\">\n\t\t\t\t\t\t\t\t\t\n<div class=\"wp-block-group is-content-justification-right is-nowrap is-layout-flex wp-container-core-group-is-layout-3730b9a9 wp-block-group-is-layout-flex\">\n<p class=\"has-text-align-right\"><strong>Pr. Gunar Berg <\/strong><sup class=\"fn\" data-fn=\"90d1f42c-2849-4cb4-80cf-8ef25fe7889e\"><a id=\"90d1f42c-2849-4cb4-80cf-8ef25fe7889e-link\" href=\"#90d1f42c-2849-4cb4-80cf-8ef25fe7889e\">1<\/a><\/sup><br \/><em>Superintendente da EETAD e Edi\u00e7\u00f5es Bernhard Johnson<\/em><\/p>\n\n<figure class=\"wp-block-gallery has-nested-images columns-default is-cropped wp-block-gallery-2 is-layout-flex wp-block-gallery-is-layout-flex\">\n<figure class=\"wp-block-image size-full is-resized\"><img decoding=\"async\" width=\"86\" height=\"86\" data-id=\"2274\" class=\"wp-image-2274\" style=\"width: 73px; height: auto;\" src=\"http:\/\/raizespentecostais.com.br\/wp-content\/uploads\/2024\/12\/30-mm-Pr.-Gunar-Berg.png\" alt=\"\" \/><\/figure>\n<\/figure>\n<\/div>\n\n<p class=\"has-drop-cap\">A igreja apost\u00f3lica viveu nas sombras, escondeu-se em catacumbas, cultuou num templo que n\u00e3o lhe pertencia, e foi posta em cadeias que n\u00e3o merecia. Inaugurada num cen\u00e1culo que n\u00e3o era seu, caminhou a p\u00e9, viajou em escaleres, enfrentou surras, apedrejamentos, degolas e massacres. Ela foi injustamente acusada, e foi julgada sem crit\u00e9rios. A igreja apost\u00f3lica foi posta em ex\u00edlio e exposta ao mart\u00edrio, tudo sob os olhares sanguinolentos dos homens mais poderosos do mundo, os c\u00e9sares, que com for\u00e7a a odiaram. Foi assim no primeiro s\u00e9culo, e nos duzentos anos seguintes. E foi assim por causa da palavra de Deus e do testemunho de Jesus Cristo.<\/p>\n\n<p>A igreja do cen\u00e1culo foi marginal, mas sempre percebida. Embora hostilizada, perseguida e assassinada, ela sobreviveu aos algozes, e seus m\u00e1rtires s\u00e3o lembrados, enquanto os carrascos s\u00e3o esquecidos. Um atento vestibulando s\u00f3 pode citar dois ou tr\u00eas imperadores romanos, mas qualquer ateu est\u00e1 pronto para menosprezar com detalhes as vidas de Paulo, Pedro, Jo\u00e3o ou outro dos ap\u00f3stolos de nosso Senhor.<\/p>\n\n<p>Nos \u00faltimos mil e setecentos anos, a igreja deixou o cen\u00e1culo, saiu das tumbas, rompeu as cadeias. Teve restitu\u00eddos a si os bens expropriados, e tornou-se dona de quase infinitas posses. Se a igreja apost\u00f3lica foi prisioneira nas gal\u00e9s, o clero medieval era dono de navios de guerra e propriet\u00e1rio de ex\u00e9rcitos. Um dia perseguida pelos poderosos, agora a igreja era fazedora de reis. Caminhando do cen\u00e1culo ao gueto, a igreja passou as trevas nas altas catedrais e castelos medievos. A estrela d\u2019alva da Reforma, John Huss, profetizou o fim da escuridade, mas o sol n\u00e3o brilhou muito tempo, pois o esplendor reformado deu lugar ao conformismo opaco, ao formalismo emba\u00e7ado.<\/p>\n\n<p>Quando o s\u00e9culo XIX caminhava ao seu fim, um som como de um vento veemente e impetuoso soprou mais forte que em momentos anteriores da hist\u00f3ria. Na \u00c1frica do Sul, o tradicional Andrew Murray recebeu a cura divina e, passando a crer na atualidade dos dons espirituais, liderou um avivamento aut\u00eantico, ainda pouco conhecido. Nos Estados Unidos, e dali para o mundo, Seymour e Parham compreenderam e experimentaram o poder do Esp\u00edrito Santo, e n\u00f3s mesmos, no Brasil, recebemos o impacto do derramamento. Pareceu que est\u00e1vamos de volta ao cen\u00e1culo, mas n\u00e3o.<\/p>\n\n<p>Quem conhecesse apenas os \u00faltimos vinte anos da hist\u00f3ria pentecostal brasileira n\u00e3o teria d\u00favidas em dizer que, por fim, sa\u00edmos das sombras. Os templos multiplicam-se, e com eles os crentes. Promovemos claques na internet, temos influenciadores seguidos por milh\u00f5es, e elegemos mandat\u00e1rios. Ao nosso redor tudo \u00e9 festa, tudo \u00e9 conclave e congresso! Somos o movimento pentecostal, o maior do mundo. Estruturamos o pentecostalismo, criamos a nossa pentecostalidade e j\u00e1 publicamos muitos mais livros a respeito do Pentecostes do que somos capazes de ler. Temos uma teologia pr\u00f3pria, uma escatologia particular, e uma hermen\u00eautica que carrega nosso nome. Criamos a nossa horda de te\u00f3logos, e j\u00e1 podemos fazer encontros com os muitos intelectuais que amontoamos. Parece que fomos do cen\u00e1culo ao pin\u00e1culo, mas nos mudamos da casa de ora\u00e7\u00e3o para o gueto.<\/p>\n\n<p>Quem nos visse agora, e somente agora, n\u00e3o duvidaria de nossa grandeza. Quem nos viu antes sabe a nossa atual pequeneza. Agora, tudo o que fazemos, escrevemos e pensamos \u00e9 pentecostal, pentecostalismo e pomposamente pentecostaliz\u00e1vel. Antes, por\u00e9m, tudo era simples e b\u00edblico. Nas prateleiras das livrarias abundam as teologias pentecostais, as escatologias pentecostais, a soteriologia pentecostal e, claro, a terr\u00edvel hermen\u00eautica pentecostal. No gueto em que nos colocamos, somos apenas mais um grupo de te\u00f3logos bairristas, t\u00e3o parcos quanto os reformados que veneramos ou os neopentecostais que imitamos. \u00c9 tudo pentecostal, \u00e9 tudo nosso, mas \u00e9 tudo pequeno, \u00e9 um gueto no qual nos prendemos, onde nos enclausuramos e voluntariamente desenhamos pequenas chamas em nossas portas.<\/p>\n\n<p>\u00c9 tudo nosso, mas prefiro o tempo em que nada t\u00ednhamos. A teologia era b\u00edblica, e a escatologia tamb\u00e9m. Se houvesse soteriologia, ela seria escritur\u00edstica, e a hermen\u00eautica era igualmente can\u00f4nica. N\u00e3o t\u00ednhamos um gueto porque n\u00e3o precis\u00e1vamos de um, e o que possu\u00edamos n\u00e3o caberia no cadinho das defini\u00e7\u00f5es teol\u00f3gicas. Entre ser calvinista ou arminiano, escolh\u00edamos ser corajosamente b\u00edblicos. N\u00e3o nos diz\u00edamos pr\u00e9-tribulacionistas por sermos pentecostais, mas \u00e9ramos pr\u00e9-tribulacionistas e pentecostais porque \u00e9 o que a B\u00edblia ensina. E nunca duvidamos de que a chave para entender a palavra de Deus \u00e9 ela pr\u00f3pria.<\/p>\n\n<p>O nosso pentecoste sint\u00e9tico tem de tudo o que havia no aut\u00eantico derramamento do Esp\u00edrito Santo. Uma grande voz, uma capaz de correr a internet e impressionar com os v\u00e1rios milhares ajuntados no mesmo lugar. Pregadores audaciosos e com o dedo em riste. O cen\u00e1culo nem nos comportaria, pois cento e vinte \u00e9 um n\u00famero modesto para quem se conta aos milh\u00f5es \u2013 milh\u00f5es de eleitores, milh\u00f5es de compradores, milh\u00f5es de reais. \u00c9 a nossa mais aut\u00eantica pentecostalidade&#8230; muito vento, muita trovoada e nenhuma chuva.<\/p>\n\n<p>A igreja apost\u00f3lica e primitiva esteve escondida, mas sempre fez diferen\u00e7a; a igreja de hoje est\u00e1 em evid\u00eancia, mas ningu\u00e9m a v\u00ea, \u00e9 como se ela n\u00e3o existisse, pois, como tudo o mais, o seu pentecoste \u00e9 pentecostal, e n\u00e3o b\u00edblico. Podendo destacar-se, quer misturar-se e ter tudo como o t\u00eam as outras na\u00e7\u00f5es \u2013 seus te\u00f3logos, sua teologia e at\u00e9 a sua pr\u00f3pria B\u00edblia. Mesmo os seus templos, gradativamente est\u00e3o sumindo na paisagem: ou confundem-se com a ostenta\u00e7\u00e3o de requintados centros de compras, ou camuflam-se com paredes pretas como as das boates e oficinas mec\u00e2nicas. Tudo nosso, pr\u00f3prio, humano e terrenal. Nada \u00e9 b\u00edblico, santo ou divino.<\/p>\n\n<p>Do cen\u00e1culo ao gueto, sa\u00edmos de onde nunca dever\u00edamos, e chegamos a onde n\u00e3o poder\u00edamos. No cen\u00e1culo estava o poder de Deus; no gueto, tudo \u00e9 conforme o que podemos. No cen\u00e1culo depend\u00edamos do Esp\u00edrito; no gueto, descobrimo-nos humanamente poderosos. Do cen\u00e1culo ser\u00edamos enviados a todas as na\u00e7\u00f5es; do gueto n\u00e3o sairemos, daqui ningu\u00e9m nos tira, pois ele \u00e9 nosso, obra das nossas m\u00e3os. O nosso gueto \u00e9 o nosso fim, uma catacumba diferente daquelas em que a igreja apost\u00f3lica se escondia: aquelas lhes serviram de templo, a nossa nos ser\u00e1 por t\u00famulo. Voltemos ao cen\u00e1culo.<\/p>\n\n<p>__________<\/p>\n<ol class=\"wp-block-footnotes has-small-font-size\"><li id=\"90d1f42c-2849-4cb4-80cf-8ef25fe7889e\"><strong>Gunar Berg de Andrade<\/strong>\u00a0\u00e9 historiador e formado em Teologia pelo Instituto B\u00edblico Pentecostal e pela Global University. De suas atividades destaca-se que \u00e9 coordenador acad\u00eamico da Escola e Faculdade de Educa\u00e7\u00e3o Teol\u00f3gica das Assembleias de Deus \u2013 EETAD e FAETAD, professor-fundador do Instituto B\u00edblico de Paul\u00ednia (SP) e professor-convidado de outros semin\u00e1rios. Seus artigos e reflex\u00f5es s\u00e3o publicados nos peri\u00f3dicos da Casa Publicadora das Assembleias de Deus \u2013 CPAD; al\u00e9m disso, mant\u00e9m um canal no YouTube (youtube.com\/c\/gunarberg). Ele \u00e9 co-autor e autor de outros 5 t\u00edtulos. Nascido em Diadema-SP, o pastor Gunar Berg e sua esposa Ana L\u00facia e suas duas heran\u00e7as, Estev\u00e3o (15) e Amy Beatrice (8), moram no interior do estado de S\u00e3o Paulo, e servem ao Senhor nas Assembleias de Deus.\u00a0 <a href=\"#90d1f42c-2849-4cb4-80cf-8ef25fe7889e-link\" aria-label=\"Ir para a refer\u00eancia 1 na nota de rodap\u00e9\">\u21a9\ufe0e<\/a><\/li><\/ol>\t\t\t\t\t\t\t\t<\/div>\n\t\t\t\t<\/div>\n\t\t\t\t\t<\/div>\n\t\t\t\t<\/div>\n\t\t\t\t<\/div>\n\t\t","protected":false},"excerpt":{"rendered":"<p>Pr. Gunar Berg 1Superintendente da EETAD e Edi\u00e7\u00f5es Bernhard Johnson A igreja apost\u00f3lica viveu nas sombras, escondeu-se em catacumbas, cultuou [&hellip;]<\/p>\n","protected":false},"author":10,"featured_media":2564,"comment_status":"open","ping_status":"open","sticky":false,"template":"","format":"standard","meta":{"site-sidebar-layout":"default","site-content-layout":"","ast-site-content-layout":"default","site-content-style":"default","site-sidebar-style":"default","ast-global-header-display":"","ast-banner-title-visibility":"","ast-main-header-display":"","ast-hfb-above-header-display":"","ast-hfb-below-header-display":"","ast-hfb-mobile-header-display":"","site-post-title":"","ast-breadcrumbs-content":"","ast-featured-img":"","footer-sml-layout":"","theme-transparent-header-meta":"","adv-header-id-meta":"","stick-header-meta":"","header-above-stick-meta":"","header-main-stick-meta":"","header-below-stick-meta":"","astra-migrate-meta-layouts":"default","ast-page-background-enabled":"default","ast-page-background-meta":{"desktop":{"background-color":"var(--ast-global-color-5)","background-image":"","background-repeat":"repeat","background-position":"center center","background-size":"auto","background-attachment":"scroll","background-type":"","background-media":"","overlay-type":"","overlay-color":"","overlay-opacity":"","overlay-gradient":""},"tablet":{"background-color":"","background-image":"","background-repeat":"repeat","background-position":"center center","background-size":"auto","background-attachment":"scroll","background-type":"","background-media":"","overlay-type":"","overlay-color":"","overlay-opacity":"","overlay-gradient":""},"mobile":{"background-color":"","background-image":"","background-repeat":"repeat","background-position":"center center","background-size":"auto","background-attachment":"scroll","background-type":"","background-media":"","overlay-type":"","overlay-color":"","overlay-opacity":"","overlay-gradient":""}},"ast-content-background-meta":{"desktop":{"background-color":"var(--ast-global-color-4)","background-image":"","background-repeat":"repeat","background-position":"center center","background-size":"auto","background-attachment":"scroll","background-type":"","background-media":"","overlay-type":"","overlay-color":"","overlay-opacity":"","overlay-gradient":""},"tablet":{"background-color":"var(--ast-global-color-4)","background-image":"","background-repeat":"repeat","background-position":"center center","background-size":"auto","background-attachment":"scroll","background-type":"","background-media":"","overlay-type":"","overlay-color":"","overlay-opacity":"","overlay-gradient":""},"mobile":{"background-color":"var(--ast-global-color-4)","background-image":"","background-repeat":"repeat","background-position":"center center","background-size":"auto","background-attachment":"scroll","background-type":"","background-media":"","overlay-type":"","overlay-color":"","overlay-opacity":"","overlay-gradient":""}},"footnotes":"[{\"content\":\"<strong>Gunar Berg de Andrade<\/strong>\u00a0\u00e9 historiador e formado em Teologia pelo Instituto B\u00edblico Pentecostal e pela Global University. De suas atividades destaca-se que \u00e9 coordenador acad\u00eamico da Escola e Faculdade de Educa\u00e7\u00e3o Teol\u00f3gica das Assembleias de Deus \u2013 EETAD e FAETAD, professor-fundador do Instituto B\u00edblico de Paul\u00ednia (SP) e professor-convidado de outros semin\u00e1rios. Seus artigos e reflex\u00f5es s\u00e3o publicados nos peri\u00f3dicos da Casa Publicadora das Assembleias de Deus \u2013 CPAD; al\u00e9m disso, mant\u00e9m um canal no YouTube (youtube.com\/c\/gunarberg). Ele \u00e9 co-autor e autor de outros 5 t\u00edtulos. Nascido em Diadema-SP, o pastor Gunar Berg e sua esposa Ana L\u00facia e suas duas heran\u00e7as, Estev\u00e3o (15) e Amy Beatrice (8), moram no interior do estado de S\u00e3o Paulo, e servem ao Senhor nas Assembleias de Deus.\u00a0\",\"id\":\"90d1f42c-2849-4cb4-80cf-8ef25fe7889e\"}]"},"categories":[4,16,17],"tags":[],"class_list":["post-2549","post","type-post","status-publish","format-standard","has-post-thumbnail","hentry","category-categorias","category-teologia-doutrinas","category-historia"],"_links":{"self":[{"href":"https:\/\/raizespentecostais.com.br\/index.php\/wp-json\/wp\/v2\/posts\/2549","targetHints":{"allow":["GET"]}}],"collection":[{"href":"https:\/\/raizespentecostais.com.br\/index.php\/wp-json\/wp\/v2\/posts"}],"about":[{"href":"https:\/\/raizespentecostais.com.br\/index.php\/wp-json\/wp\/v2\/types\/post"}],"author":[{"embeddable":true,"href":"https:\/\/raizespentecostais.com.br\/index.php\/wp-json\/wp\/v2\/users\/10"}],"replies":[{"embeddable":true,"href":"https:\/\/raizespentecostais.com.br\/index.php\/wp-json\/wp\/v2\/comments?post=2549"}],"version-history":[{"count":9,"href":"https:\/\/raizespentecostais.com.br\/index.php\/wp-json\/wp\/v2\/posts\/2549\/revisions"}],"predecessor-version":[{"id":3932,"href":"https:\/\/raizespentecostais.com.br\/index.php\/wp-json\/wp\/v2\/posts\/2549\/revisions\/3932"}],"wp:featuredmedia":[{"embeddable":true,"href":"https:\/\/raizespentecostais.com.br\/index.php\/wp-json\/wp\/v2\/media\/2564"}],"wp:attachment":[{"href":"https:\/\/raizespentecostais.com.br\/index.php\/wp-json\/wp\/v2\/media?parent=2549"}],"wp:term":[{"taxonomy":"category","embeddable":true,"href":"https:\/\/raizespentecostais.com.br\/index.php\/wp-json\/wp\/v2\/categories?post=2549"},{"taxonomy":"post_tag","embeddable":true,"href":"https:\/\/raizespentecostais.com.br\/index.php\/wp-json\/wp\/v2\/tags?post=2549"}],"curies":[{"name":"wp","href":"https:\/\/api.w.org\/{rel}","templated":true}]}}