{"id":2668,"date":"2025-05-06T13:16:43","date_gmt":"2025-05-06T13:16:43","guid":{"rendered":"https:\/\/raizespentecostais.com.br\/?p=2668"},"modified":"2025-11-06T12:58:13","modified_gmt":"2025-11-06T12:58:13","slug":"tocado-pelo-espirito-santo","status":"publish","type":"post","link":"https:\/\/raizespentecostais.com.br\/index.php\/tocado-pelo-espirito-santo\/","title":{"rendered":"Tocado pelo Esp\u00edrito Santo"},"content":{"rendered":"\t\t<div data-elementor-type=\"wp-post\" data-elementor-id=\"2668\" class=\"elementor elementor-2668\">\n\t\t\t\t<div class=\"elementor-element elementor-element-1f9a3db4 e-flex e-con-boxed e-con e-parent\" data-id=\"1f9a3db4\" data-element_type=\"container\" data-e-type=\"container\">\n\t\t\t\t\t<div class=\"e-con-inner\">\n\t\t\t\t<div class=\"elementor-element elementor-element-605de597 elementor-widget elementor-widget-text-editor\" data-id=\"605de597\" data-element_type=\"widget\" data-e-type=\"widget\" data-widget_type=\"text-editor.default\">\n\t\t\t\t<div class=\"elementor-widget-container\">\n\t\t\t\t\t\t\t\t\t\n<div class=\"wp-block-group is-content-justification-right is-nowrap is-layout-flex wp-container-core-group-is-layout-3730b9a9 wp-block-group-is-layout-flex\">\n<p class=\"has-text-align-right\"><strong>Reda\u00e7\u00e3o<\/strong><\/p>\n\n<figure class=\"wp-block-gallery has-nested-images columns-default is-cropped wp-block-gallery-2 is-layout-flex wp-block-gallery-is-layout-flex\">\n<figure class=\"wp-block-image size-full is-resized\"><img fetchpriority=\"high\" decoding=\"async\" width=\"564\" height=\"564\" data-id=\"2341\" class=\"wp-image-2341\" style=\"width: 73px; height: auto;\" src=\"http:\/\/raizespentecostais.com.br\/wp-content\/uploads\/2025\/04\/Novo-Logo-2024.png\" alt=\"eetad\" srcset=\"https:\/\/raizespentecostais.com.br\/wp-content\/uploads\/2025\/04\/Novo-Logo-2024.png 564w, https:\/\/raizespentecostais.com.br\/wp-content\/uploads\/2025\/04\/Novo-Logo-2024-300x300.png 300w, https:\/\/raizespentecostais.com.br\/wp-content\/uploads\/2025\/04\/Novo-Logo-2024-150x150.png 150w\" sizes=\"(max-width: 564px) 100vw, 564px\" \/><\/figure>\n<\/figure>\n<\/div>\n\n<p><br \/>Por volta dos dezoito anos, Bernhardinho (era assim que os brasileiros o chamavam, para fazer distin\u00e7\u00e3o entre ele e o seu pai, pois ambos tinham o mesmo nome) alimentava o sonho de formar-se em engenharia e construir pontes. Preparando-se, o rapaz se matriculara no Instituto Presbiteriano Gammon, tradicional escola da cidade mineira de Lavras. Por\u00e9m, tanto os planos profissionais de Bernhard Johnson Jr., como o seu pr\u00f3prio cora\u00e7\u00e3o, precisavam se ajustar ao chamado de Deus para ele.<\/p>\n\n<p>Certa noite, chegando em casa j\u00e1 tarde, ao passar pela porta dos quartos de seus pais, ele os ouviu orando em seu favor. O Pastor Bernhard \u201cPai\u201d e a esposa Antonette, que era uma pregadora avivalista, intercediam a Deus, suplicando que Ele tocasse intimamente em seu filho, despertando-o espiritual e ministerialmente.<\/p>\n\n<p>O rapaz foi deitar-se contrariado, pois a ora\u00e7\u00e3o de seus pais o fez sentir-se deslocado; mas aquele clamor era sincero, e, naquela noite, o Senhor agiu. Sem conseguir conciliar o sono, o mancebo viu-se obrigado a orar tamb\u00e9m, fazendo, ali, o clamor de sua vida. Por fim, Deus o visitou e encheu o quarto com a Sua presen\u00e7a. Mais tarde, Bernhardinho contou que o aposento ficou incomodamente iluminado. Era uma claridade t\u00e3o alva que s\u00f3 lhe restou deixar-se ao ch\u00e3o e sentir Deus.<\/p>\n\n<p>Quando aquela visita\u00e7\u00e3o espiritual passou, o jovem correu para o quarto dos pais para contar-lhes o ocorrido. Naquela mesma noite, ele pediu para ser enviado de volta aos Estados Unidos para matricular-se no semin\u00e1rio b\u00edblico, a partir de onde entregaria a vida ao chamado de Deus para si \u2013 e ele j\u00e1 sabia que o Senhor o queria no Brasil, pregando o Evangelho. Aquela experi\u00eancia com o Santo Esp\u00edrito foi o seu adeus \u00e0s d\u00favidas, \u00e0s teimosias, e at\u00e9 ao sonho de construir pontes. Desde ent\u00e3o, ele passaria a indicar aos pecadores um novo caminho para Deus, Cristo Jesus, a \u00fanica religa\u00e7\u00e3o poss\u00edvel entre o homem e o Criador.<\/p>\n\n<p>A contadora desta linda hist\u00f3ria foi a Mission\u00e1ria Doris Johnson, vi\u00fava do Pastor Bernhard Johnson Jr., e que, aos 92 anos, atualmente reside no estado americano do Oregon, na companhia de sua filha Beth, seu genro Aaron, seus netos e bisnetos.<\/p>\n\t\t\t\t\t\t\t\t<\/div>\n\t\t\t\t<\/div>\n\t\t\t\t\t<\/div>\n\t\t\t\t<\/div>\n\t\t\t\t<\/div>\n\t\t","protected":false},"excerpt":{"rendered":"<p>Reda\u00e7\u00e3o Por volta dos dezoito anos, Bernhardinho (era assim que os brasileiros o chamavam, para fazer distin\u00e7\u00e3o entre ele e [&hellip;]<\/p>\n","protected":false},"author":6,"featured_media":2669,"comment_status":"open","ping_status":"open","sticky":false,"template":"","format":"standard","meta":{"site-sidebar-layout":"default","site-content-layout":"","ast-site-content-layout":"default","site-content-style":"default","site-sidebar-style":"default","ast-global-header-display":"","ast-banner-title-visibility":"","ast-main-header-display":"","ast-hfb-above-header-display":"","ast-hfb-below-header-display":"","ast-hfb-mobile-header-display":"","site-post-title":"","ast-breadcrumbs-content":"","ast-featured-img":"","footer-sml-layout":"","theme-transparent-header-meta":"","adv-header-id-meta":"","stick-header-meta":"","header-above-stick-meta":"","header-main-stick-meta":"","header-below-stick-meta":"","astra-migrate-meta-layouts":"default","ast-page-background-enabled":"default","ast-page-background-meta":{"desktop":{"background-color":"var(--ast-global-color-5)","background-image":"","background-repeat":"repeat","background-position":"center center","background-size":"auto","background-attachment":"scroll","background-type":"","background-media":"","overlay-type":"","overlay-color":"","overlay-opacity":"","overlay-gradient":""},"tablet":{"background-color":"","background-image":"","background-repeat":"repeat","background-position":"center center","background-size":"auto","background-attachment":"scroll","background-type":"","background-media":"","overlay-type":"","overlay-color":"","overlay-opacity":"","overlay-gradient":""},"mobile":{"background-color":"","background-image":"","background-repeat":"repeat","background-position":"center center","background-size":"auto","background-attachment":"scroll","background-type":"","background-media":"","overlay-type":"","overlay-color":"","overlay-opacity":"","overlay-gradient":""}},"ast-content-background-meta":{"desktop":{"background-color":"var(--ast-global-color-4)","background-image":"","background-repeat":"repeat","background-position":"center center","background-size":"auto","background-attachment":"scroll","background-type":"","background-media":"","overlay-type":"","overlay-color":"","overlay-opacity":"","overlay-gradient":""},"tablet":{"background-color":"var(--ast-global-color-4)","background-image":"","background-repeat":"repeat","background-position":"center center","background-size":"auto","background-attachment":"scroll","background-type":"","background-media":"","overlay-type":"","overlay-color":"","overlay-opacity":"","overlay-gradient":""},"mobile":{"background-color":"var(--ast-global-color-4)","background-image":"","background-repeat":"repeat","background-position":"center center","background-size":"auto","background-attachment":"scroll","background-type":"","background-media":"","overlay-type":"","overlay-color":"","overlay-opacity":"","overlay-gradient":""}},"footnotes":""},"categories":[11,5],"tags":[],"class_list":["post-2668","post","type-post","status-publish","format-standard","has-post-thumbnail","hentry","category-espirito-santo","category-vida-crista"],"_links":{"self":[{"href":"https:\/\/raizespentecostais.com.br\/index.php\/wp-json\/wp\/v2\/posts\/2668","targetHints":{"allow":["GET"]}}],"collection":[{"href":"https:\/\/raizespentecostais.com.br\/index.php\/wp-json\/wp\/v2\/posts"}],"about":[{"href":"https:\/\/raizespentecostais.com.br\/index.php\/wp-json\/wp\/v2\/types\/post"}],"author":[{"embeddable":true,"href":"https:\/\/raizespentecostais.com.br\/index.php\/wp-json\/wp\/v2\/users\/6"}],"replies":[{"embeddable":true,"href":"https:\/\/raizespentecostais.com.br\/index.php\/wp-json\/wp\/v2\/comments?post=2668"}],"version-history":[{"count":4,"href":"https:\/\/raizespentecostais.com.br\/index.php\/wp-json\/wp\/v2\/posts\/2668\/revisions"}],"predecessor-version":[{"id":3825,"href":"https:\/\/raizespentecostais.com.br\/index.php\/wp-json\/wp\/v2\/posts\/2668\/revisions\/3825"}],"wp:featuredmedia":[{"embeddable":true,"href":"https:\/\/raizespentecostais.com.br\/index.php\/wp-json\/wp\/v2\/media\/2669"}],"wp:attachment":[{"href":"https:\/\/raizespentecostais.com.br\/index.php\/wp-json\/wp\/v2\/media?parent=2668"}],"wp:term":[{"taxonomy":"category","embeddable":true,"href":"https:\/\/raizespentecostais.com.br\/index.php\/wp-json\/wp\/v2\/categories?post=2668"},{"taxonomy":"post_tag","embeddable":true,"href":"https:\/\/raizespentecostais.com.br\/index.php\/wp-json\/wp\/v2\/tags?post=2668"}],"curies":[{"name":"wp","href":"https:\/\/api.w.org\/{rel}","templated":true}]}}