{"id":2672,"date":"2025-05-06T13:28:18","date_gmt":"2025-05-06T13:28:18","guid":{"rendered":"https:\/\/raizespentecostais.com.br\/?p=2672"},"modified":"2025-11-06T12:36:36","modified_gmt":"2025-11-06T12:36:36","slug":"o-resgate-da-identidade-biblica-doutrinaria-e-historica-da-assembleia-de-deus-no-brasil","status":"publish","type":"post","link":"https:\/\/raizespentecostais.com.br\/index.php\/o-resgate-da-identidade-biblica-doutrinaria-e-historica-da-assembleia-de-deus-no-brasil\/","title":{"rendered":"O resgate da identidade b\u00edblica, doutrin\u00e1ria e hist\u00f3rica da Assembleia de Deus no Brasil"},"content":{"rendered":"\t\t<div data-elementor-type=\"wp-post\" data-elementor-id=\"2672\" class=\"elementor elementor-2672\">\n\t\t\t\t<div class=\"elementor-element elementor-element-1db66cab e-flex e-con-boxed e-con e-parent\" data-id=\"1db66cab\" data-element_type=\"container\" data-e-type=\"container\">\n\t\t\t\t\t<div class=\"e-con-inner\">\n\t\t\t\t<div class=\"elementor-element elementor-element-422c1540 elementor-widget elementor-widget-text-editor\" data-id=\"422c1540\" data-element_type=\"widget\" data-e-type=\"widget\" data-widget_type=\"text-editor.default\">\n\t\t\t\t<div class=\"elementor-widget-container\">\n\t\t\t\t\t\t\t\t\t\n<p class=\"has-drop-cap\">Algu\u00e9m disse, j\u00e1 faz algum tempo, que a Assembleia de Deus, em sua idade \u00e1urea, era uma igreja inimit\u00e1vel. Transcorridas algumas d\u00e9cadas, por\u00e9m, j\u00e1 podia ser imitada. Agora, infelizmente, p\u00f5em-se a imitar esse movimento, aquele grupo e a copiar os mais extravagantes (e at\u00e9 bizarros) modelos de crescimento; antag\u00f4nicos todos ao ensino dos santos ap\u00f3stolos. N\u00e3o posso concordar de todo com esta an\u00e1lise, porquanto estou c\u00f4nscio de que, no Brasil, ainda h\u00e1 rebanhos que n\u00e3o deixaram o primeiro amor, que professam fielmente o nome do Imaculado Cordeiro e que, apesar da apostasia final, aguardam com renovada esperan\u00e7a o arrebatamento dos santos.<\/p>\n\n<div class=\"wp-block-spacer\" style=\"margin-top: 0; margin-bottom: 0; height: 20px;\" aria-hidden=\"true\">\u00a0<\/div>\n\n<p>N\u00e3o posso ignorar, contudo, algo grav\u00edssimo. J\u00e1 estamos perdendo aceleradamente a nossa identidade b\u00edblica, doutrin\u00e1ria, pentecostal, evangelizadora e hist\u00f3rica. N\u00e3o busco, aqui, real\u00e7ar o meu saudosismo; aprisionar-se ao passado n\u00e3o seria s\u00e1bio. Mas, aqui, queridos irm\u00e3os, real\u00e7arei a ordem que o nosso amado Senhor endere\u00e7ou ao pastor da igreja em Sardes. Atentemos \u00e0s palavras do Filho de Deus: \u201cS\u00ea vigilante e confirma o restante que estava para morrer, porque n\u00e3o achei as tuas obras perfeitas diante de Deus\u201d (Ap 3.2).<\/p>\n\n<div class=\"wp-block-spacer\" style=\"margin-top: 0; margin-bottom: 0; height: 20px;\" aria-hidden=\"true\">\u00a0<\/div>\n\n<p>Com a ajuda do Pai Celeste, mostrarei como poderemos reaver a identidade que, desde a nossa funda\u00e7\u00e3o, fez-nos not\u00f3rios como \u201cum povo forte e revestido de poder\u201d, at\u00e9 aos confins da terra, sem impedimento algum. E, para tanto, voltar-nos-emos \u00e0 B\u00edblia Sagrada, a inspirada, inerrante e infal\u00edvel Palavra de Deus.\u00a0 \u00a0 \u00a0<\/p>\n\n<div class=\"wp-block-spacer\" style=\"height: 20px;\" aria-hidden=\"true\">\u00a0<\/div>\n\n<h2 style=\"font-size: 20px;\"><strong>Resgatemos com urg\u00eancia a identidade b\u00edblica da Assembleia de Deus no Brasil<\/strong><\/h2>\n\n<div class=\"wp-block-spacer\" style=\"height: 5px;\" aria-hidden=\"true\">\u00a0<\/div>\n\n<p>Houve um tempo, no Rio de Janeiro, em que o crente da Assembleia de Deus era conhecido como \u201cB\u00edblia\u201d, pois n\u00e3o larg\u00e1vamos o Livro dos livros. Os membros de nossa igreja \u2013 idosos, adultos, jovens e crian\u00e7as \u2013 formavam um todo insepar\u00e1vel com as Escrituras. V\u00ea-los era enxergar o Antigo e o Novo Testamento andando e trabalhando e, fortemente, testemunhando.<\/p>\n\n<div class=\"wp-block-spacer\" style=\"height: 20px;\" aria-hidden=\"true\">\u00a0<\/div>\n\n<p>Nas quest\u00f5es mais comezinhas, recorr\u00edamos ao C\u00e2non Sagrado; a solu\u00e7\u00e3o era certa. Nos momentos de ang\u00fastia, busc\u00e1vamos o consolo dos santos profetas e dos ap\u00f3stolos de Nosso Senhor. Bastava folhe\u00e1-los e, ali, achava-se a ilumina\u00e7\u00e3o do Esp\u00edrito Santo a este problema, \u00e0quela vicissitude e \u00e0queloutro desafio.<\/p>\n\n<p>\u00a0<\/p>\n\n<p>Com o tempo, pusemo-nos a trocar a B\u00edblia Sagrada por suced\u00e2neos nem sempre afinados com a Palavra de Deus. Nossos c\u00e2nones, estatutos e regimentos internos tornaram-se, com o tempo, mais importantes do que as exorta\u00e7\u00f5es dos profetas de Jeov\u00e1 e mais imprescind\u00edveis do que as ordenan\u00e7as dos ap\u00f3stolos de Nosso Senhor. A situa\u00e7\u00e3o inspira cuidados urgentes. Por isto, a pergunta faz-se mui consent\u00e2nea: \u201cOnde perdemos a nossa identidade b\u00edblica?\u201d.<\/p>\n\n<p>Sim, queridos irm\u00e3os, onde perdemos a nossa identidade b\u00edblica? A biblicidade pentecostal, que nos fazia \u201cum povo forte e revestido de poder\u201d, perdemo-la em nossos templos e complexos administrativos. Eis por que, \u00e0 semelhan\u00e7a de Josias, urge-nos reformar espiritualmente nossas igrejas, congrega\u00e7\u00f5es e institui\u00e7\u00f5es, para que resgatemos a identidade b\u00edblica, que nos legaram os pais fundadores. Atentemos ao texto sagrado e imploremos pelo avivamento que j\u00e1 n\u00e3o pode tardar:<\/p>\n\n<blockquote class=\"wp-block-quote is-layout-flow wp-block-quote-is-layout-flow\">\n<p><em>\u201cE, tirando eles o dinheiro que se tinha trazido \u00e0 Casa do Senhor, Hilquias, o sacerdote, achou o livro da Lei do Senhor, dada pelas m\u00e3os de Mois\u00e9s. E Hilquias respondeu e disse a Saf\u00e3, o escriv\u00e3o: Achei o livro da Lei na Casa do Senhor. E Hilquias deu o livro a Saf\u00e3. E Saf\u00e3 levou o livro ao rei e deu conta tamb\u00e9m ao rei, dizendo: Teus servos fazem tudo quanto se lhes encomendou. E ajuntaram o dinheiro que se achou na Casa do Senhor e o deram nas m\u00e3os dos superintendentes e nas m\u00e3os dos que faziam a obra. Al\u00e9m disso, Saf\u00e3, o escriv\u00e3o, fez saber ao rei, dizendo: O sacerdote Hilquias me deu um livro. E Saf\u00e3 leu nele perante o rei. Sucedeu, pois, que, ouvindo o rei as palavras da Lei, rasgou as suas vestes\u201d (2Cr 34.14-19).\u00a0<\/em><\/p>\n<\/blockquote>\n\n<h2><strong>Resgatemos com urg\u00eancia a identidade doutrin\u00e1ria da Assembleia de Deus no Brasil<\/strong><\/h2>\n\n<p>Em meus livros e postagens, fa\u00e7o quest\u00e3o de reafirmar a excel\u00eancia doutrin\u00e1ria da Assembleia de Deus no Brasil. Com profunda humildade e reconhecimento ao Pai Celeste, sempre hei de declarar: N\u00e3o h\u00e1 doutrina mais b\u00edblica, mais apost\u00f3lica, mais evang\u00e9lica e evangelizadora do que a nossa. N\u00e3o fora assim, n\u00e3o ter\u00edamos alcan\u00e7ado os cantos mais esquecidos do Brasil e os recantos mais ignotos do mundo. Al\u00e9m das verdades escritur\u00edsticas comuns \u00e0s demais igrejas protestantes, professamos a cren\u00e7a na atualidade do batismo com o Esp\u00edrito Santo e dos dons espirituais, ministeriais e de servi\u00e7o.<\/p>\n\n<p>Nos \u00faltimos dec\u00eanios, por\u00e9m, nossa gloriosa heran\u00e7a doutrin\u00e1ria come\u00e7ou a ser insolentemente atacada pelos que, entre n\u00f3s, j\u00e1 n\u00e3o conseguem disfar\u00e7ar o seu liberalismo teol\u00f3gico, o seu escancarado calvinismo e o seu perverso antagonismo \u00e0s verdades pentecostais. Os que nos atacam s\u00e3o peritos em hermen\u00eauticas antib\u00edblicas.\u00a0<\/p>\n\n<p>A S\u00e3 Doutrina acha-se sob pesado ataque; ataque este, queridos irm\u00e3os, engenhado no Inferno. Voltemos, pois, a defender a Palavra de Deus e o Deus da Palavra como o fez o irm\u00e3o Paulo, em Mileto, aos anci\u00e3os de \u00c9feso:<\/p>\n\n<blockquote class=\"wp-block-quote is-layout-flow wp-block-quote-is-layout-flow\">\n<p><em>\u201cPortanto, no dia de hoje, vos protesto que estou limpo do sangue de todos; porque nunca deixei de vos anunciar todo o conselho de Deus. Olhai, pois, por v\u00f3s e por todo o rebanho sobre que o Esp\u00edrito Santo vos constituiu bispos, para apascentardes a igreja de Deus, que ele resgatou com seu pr\u00f3prio sangue. Porque eu sei isto: que, depois da minha partida, entrar\u00e3o no meio de v\u00f3s lobos cru\u00e9is, que n\u00e3o perdoar\u00e3o o rebanho. E que, dentre v\u00f3s mesmos, se levantar\u00e3o homens que falar\u00e3o coisas perversas, para atra\u00edrem os disc\u00edpulos ap\u00f3s si. Portanto, vigiai, lembrando-vos de que, durante tr\u00eas anos, n\u00e3o cessei, noite e dia, de admoestar, com l\u00e1grimas, a cada um de v\u00f3s\u201d (At 20.26-31).<\/em><\/p>\n<\/blockquote>\n\n<p>Somente assim, queridos irm\u00e3os, lograremos reaver a nossa identidade doutrin\u00e1ria exatamente como a recebemos de nossos pais-fundadores, Daniel Berg e Gunnar Vingren.\u00a0<\/p>\n\n<h2><strong>Resgatemos com urg\u00eancia a identidade pentecostal da Assembleia de Deus no Brasil<\/strong><\/h2>\n\n<p>Atentemos a um fen\u00f4meno que, a cada dia, vai tornando-se mais comum na Assembleia de Deus no Brasil. Chamarei a este perverso fen\u00f4meno de despentecostaliza\u00e7\u00e3o. N\u00e3o \u00e9 um neologismo; \u00e9 uma tr\u00e1gica realidade. Sem que nos angusti\u00e1ssemos, pusemo-nos a perder acentuada e mui celeremente, desde o in\u00edcio dos anos dois mil, as caracter\u00edsticas b\u00edblicas, hist\u00f3ricas e \u00e9ticas, que faziam, do Movimento Pentecostal, um exemplo v\u00edvido e marcante da efus\u00e3o do Esp\u00edrito Santo para estes \u00faltimos dias. Convictos, proclam\u00e1vamos: \u201cJesus Cristo salva, batiza com o Esp\u00edrito Santo, cura as enfermidades, opera sinais e maravilhas e, em breve, vir\u00e1 arrebatar-nos\u201d.<\/p>\n\n<p>Hoje, j\u00e1 n\u00e3o se prega as verdades pentecostais, como outrora, pois j\u00e1 estamos perdendo toda a mem\u00f3ria espiritual. O que aconteceu conosco? Aos novos conversos, j\u00e1 n\u00e3o perguntamos: \u201cRecebestes v\u00f3s j\u00e1 o Esp\u00edrito Santo quando crestes?\u201d Queira Deus que, a esta pergunta, n\u00e3o ou\u00e7amos como resposta, este desabafo: \u201cN\u00f3s nem ainda ouvimos que haja Esp\u00edrito Santo\u201d (At 19.2).\u00a0<\/p>\n\n<p>Portanto, resgatemos com denodo e urg\u00eancia a nossa identidade pentecostal e, ousadamente, ensinemos \u00e0 Igreja e ao mundo, que o Pentecostes n\u00e3o se encerrou nos tempos apost\u00f3licos. Mas que Jesus continua a batizar com o Esp\u00edrito Santo e a distribuir aos seus rebanhos os dons espirituais, ministeriais e de servi\u00e7o.\u00a0<\/p>\n\n<p>Tornemos nossas as palavras do irm\u00e3o Pedro:\u00a0<\/p>\n\n<blockquote class=\"wp-block-quote is-layout-flow wp-block-quote-is-layout-flow\">\n<p><em>\u201cArrependei-vos, e cada um de v\u00f3s seja batizado em nome de Jesus Cristo para perd\u00e3o dos pecados, e recebereis o dom do Esp\u00edrito Santo. Porque a promessa vos diz respeito a v\u00f3s, a vossos filhos e a todos os que est\u00e3o longe: a tantos quantos Deus, nosso Senhor, chamar\u201d (At 2.38,39). \u00a0 \u00a0<\/em><\/p>\n<\/blockquote>\n\n<h2><strong>Resgatemos com urg\u00eancia a identidade da Assembleia de Deus, no Brasil, como um movimento divino e n\u00e3o meramente humano<\/strong><\/h2>\n\n<p>Eu n\u00e3o gostaria de ver a minha igreja \u2013 nossa amada Assembleia de Deus \u2013 apequenar-se numa denomina\u00e7\u00e3o burocr\u00e1tica, pesada e desbiblicizada. N\u00e3o formulo, aqui, um neologismo, nem busco enunciar uma profecia. Mas, externando meus temores, alerto os ministros de Nosso Senhor a que orem, a fim de que n\u00e3o mais retarde o avivamento pelo qual tanto ansiamos, sofremos e estamos a chorar.<\/p>\n\n<p>Somos um movimento, n\u00e3o um monumento ao passado. Somos uma igreja, n\u00e3o uma entidade religiosa. Somos o Reino de Deus, n\u00e3o um imp\u00e9rio humano. Somos um povo forte revestido de poder, n\u00e3o um mero ajuntamento de interesses e ambi\u00e7\u00f5es. Enfim, somos disc\u00edpulos de Jesus, o Eterno Filho de Deus. E, como tais, somos impulsionados, pelo Esp\u00edrito Santo, a esperar o arrebatamento da Noiva do Cordeiro.<\/p>\n\n<p>Roguemos ao Pai Celeste, nas palavras do santo profeta, o avivamento que n\u00e3o mais pode ser adiado:<\/p>\n\n<blockquote class=\"wp-block-quote is-layout-flow wp-block-quote-is-layout-flow\">\n<p><em>\u201cOra\u00e7\u00e3o do profeta Habacuque sob a forma de canto. Ouvi, Senhor, a tua palavra e temi; aviva, \u00f3 Senhor, a tua obra no meio dos anos, no meio dos anos a notifica; na ira lembra-te da miseric\u00f3rdia\u201d (Hb 3.1,2).\u00a0<\/em><\/p>\n<\/blockquote>\n\n<h2><strong>Resgatemos com urg\u00eancia a identidade hist\u00f3rica da Assembleia de Deus no Brasil<\/strong><\/h2>\n\n<p>J\u00e1 em minha inf\u00e2ncia, os nomes de nossos saudosos pioneiros Daniel Berg e Gunnar Vingren n\u00e3o me eram estranhos. Meu primeiro e j\u00e1 saudoso pastor, irm\u00e3o Roberto Montanheiro, da Assembleia de Deus em S\u00e3o Bernardo do Campo (SP) fazia men\u00e7\u00e3o desses homens com amor, paix\u00e3o, respeito e a\u00e7\u00f5es de gra\u00e7as. Afinal, haviam sido eles a implantar, em nossa p\u00e1tria, a genu\u00edna mensagem pentecostal.<\/p>\n\n<p>Hoje, todavia, al\u00e9m de a nova gera\u00e7\u00e3o n\u00e3o conhecer a hist\u00f3ria da Assembleia de Deus, no Brasil, n\u00e3o s\u00e3o poucas as tentativas de se deslustrar e at\u00e9 mesmo destruir a biografia de Berg, de Vingren e de outros gigantes de nossa f\u00e9. Haja vista o que tentam fazer com a irm\u00e3 Frida, esposa do irm\u00e3o Gunnar Vingren.<\/p>\n\n<p>\u00c9 chegada hora de voltarmo-nos a ler nossos cl\u00e1ssicos \u2013 <em>Enviado por Deus<\/em>, de Daniel Berg, <em>Di\u00e1rio do Pioneiro<\/em>, de Gunnar Vingren e a <em>Hist\u00f3ria das Assembleias de Deus no Brasil<\/em>, de Em\u00edlio Conde, o ap\u00f3stolo de nossas letras.<\/p>\n\n<p>Somos mui devedores a esses homens que, deixando sua terra de origem, trouxeram-nos o Movimento Pentecostal, que tantas b\u00ean\u00e7\u00e3os t\u00eam proporcionado ao Brasil. Nessas horas, somos despertados pela letra do hino 453 de nossa querida Harpa Crist\u00e3:<\/p>\n\n<blockquote class=\"wp-block-quote is-layout-flow wp-block-quote-is-layout-flow\">\n<p><em>Oh! Como \u00e9 bom dos tempos primitivos lembrar<br \/>E dos avivamentos de que ouvimos falar<br \/>Deus quer nos dar mais fervor espiritual<br \/>Ao Seu povo mandar o poder pentecostal<br \/>Nosso Deus \u00e9 o mesmo hoje como ent\u00e3o<br \/>Ele cura, batiza, e nos d\u00e1 salva\u00e7\u00e3o<br \/>Abundante \u00e9 aqui a vida espiritual<br \/>Para os que recebem poder pentecostal!<br \/>Oh! Como \u00e9 bom dos crentes primitivos lembrar<br \/>As ferventes ora\u00e7\u00f5es, o seu alegre cantar<br \/>Deus os ouviu e sempre os livrou do mal<br \/>E tamb\u00e9m os encheu de poder pentecostal!<br \/>Alguns dizem: Mudado tudo hoje est\u00e1<br \/>Mas eu sei que meu Deus nunca jamais mudar\u00e1<br \/>Deus permanecer\u00e1 qual farol eternal<br \/>Enviando ao Seu povo poder pentecostal!<\/em><\/p>\n<\/blockquote>\n\n<h2><strong>Resgatemos com urg\u00eancia a identidade ministerial da Assembleia de Deus no Brasil<\/strong><\/h2>\n\n<p>Sendo uma igreja biblicamente pentecostal, a Assembleia de Deus, no Brasil, exigia de todos os candidatos ao Santo Minist\u00e9rio, al\u00e9m de comprovada voca\u00e7\u00e3o divina, a virtude que Nosso Senhor prometeu-nos antes de ser assunto ao C\u00e9u: \u201cMas recebereis a virtude do Esp\u00edrito Santo, que h\u00e1 de vir sobre v\u00f3s; e ser-me-eis testemunhas tanto em Jerusal\u00e9m como em toda a Judeia e Samaria e at\u00e9 aos confins da terra\u201d (At 1.8).<\/p>\n\n<p>Por conseguinte, nenhum crente era ordenado quer a di\u00e1cono, quer a presb\u00edtero, quer a evangelista ou a pastor, sem que fosse batizado com o Esp\u00edrito Santo, tendo como evid\u00eancia comprovada o falar noutras l\u00ednguas. N\u00e3o foi esta, por acaso, a experi\u00eancia dos santos ap\u00f3stolos? N\u00e3o foi esta, ainda, a experi\u00eancia de Saulo de Tarso, o querido doutor dos gentios? (At 2.1-4; At 9.17). O irm\u00e3o Paulo falava l\u00ednguas estranhas, conforme ele mesmo relatou aos cor\u00edntios: \u201cDou gra\u00e7as ao meu Deus, porque falo mais l\u00ednguas do que v\u00f3s todos\u201d (1Co 14.18).<\/p>\n\n<p>N\u00e3o intentemos, pois, mudar este marco antigo e divino. Se o fizermos, o minist\u00e9rio da Assembleia de Deus perder\u00e1 as qualidades, virtudes e excel\u00eancias que ainda possui. Ao inv\u00e9s de tramarmos exegeses, a fim de anular a exig\u00eancia do batismo com o Esp\u00edrito Santo aos candidatos ao Santo Minist\u00e9rios, lembremos-lhes o conselho de nosso bendito Senhor: \u201cE eis que sobre v\u00f3s envio a promessa de meu Pai; ficai, por\u00e9m, na cidade de Jerusal\u00e9m, at\u00e9 que do alto sejais revestidos de poder\u201d (Lc 24.49). \u00a0 \u00a0<\/p>\n\n<h2><strong>Resgatemos com urg\u00eancia a identidade evangelizadora da Assembleia de Deus no Brasil<\/strong><\/h2>\n\n<p>Ao lermos a <em>Hist\u00f3ria das Assembleias de Deus no Brasil<\/em>, escrita por Em\u00edlio Conde, damos conta do que pode fazer \u201cum povo forte e revestido de poder\u201d. Naquele tempo, todos \u2013 l\u00edderes e liderados \u2013 sentiam o peso da evangeliza\u00e7\u00e3o de nosso pa\u00eds, das na\u00e7\u00f5es vizinhas e dos povos mais remotos. Fundada em 18 de junho de 1911, nossa igreja, ainda em suas primeiras d\u00e9cadas de vida, j\u00e1 se encontrava al\u00e9m do Atl\u00e2ntico.<\/p>\n\n<p>O que hoje chamamos de leigos, naquele tempo eram tochas vivas a cumprir poderosamente a Grande Comiss\u00e3o do Imaculado Cordeiro. E, \u00e0 semelhan\u00e7a dos crist\u00e3os perseguidos em Jerusal\u00e9m, iam por toda a parte anunciando o Santo Evangelho. A Assembleia de Deus, no Brasil, era a continuidade de Atos dos Ap\u00f3stolos. \u00cdamos at\u00e9 aos confins da terra sem impedimento algum (At 28.31).\u00a0 \u00a0<\/p>\n\n<h2><strong>Resgatemos com urg\u00eancia a identidade quanto aos usos e costumes da Assembleia de Deus no Brasil<\/strong><\/h2>\n\n<p>Quando ainda adolescente, eu j\u00e1 escutava uma arenga que muito haveria de prejudicar a Assembleia de Deus, no Brasil. Os incomodados com os nossos bons usos e excelentes costumes, com ar professoral, sentenciavam: \u201cDoutrina \u00e9 uma coisa e usos e costumes s\u00e3o outra bem diferente. Logo, n\u00e3o podemos confundi-los\u201d. Aparentemente, aqueles homens estavam certos.<\/p>\n\n<p>Os tais senhores, por\u00e9m, esqueciam-se de algo fundamental e bastante l\u00f3gico e consequente: a boa doutrina sempre acaba por gerar bons usos, excelentes costumes e apreci\u00e1veis frutos espirituais, morais e \u00e9ticos. Ali\u00e1s, se formos \u00e0 B\u00edblia Sagrada, constataremos n\u00e3o haver dualismo algum entre a S\u00e3 Doutrina e os usos e costumes observados pelos santos. De fato, n\u00e3o h\u00e1 nem dualismo nem dial\u00e9tica, mas uma harmonia poss\u00edvel, desej\u00e1vel e recomendada pelo Senhor aos seus filhos: \u201cPortanto, guardareis o meu mandado, n\u00e3o fazendo nenhum dos estatutos abomin\u00e1veis que se fizeram antes de v\u00f3s, e n\u00e3o vos contamineis com eles. Eu sou o Senhor, vosso Deus\u201d (Lv 18.30).<\/p>\n\n<p>Em sua ep\u00edstola aos cor\u00edntios, o ap\u00f3stolo Paulo recomendou \u00e0queles irm\u00e3os, provenientes do paganismo, a preservarem os usos e costumes que, atrav\u00e9s do Santo Evangelho, vieram a adquirir: \u201cN\u00e3o vos enganeis: as m\u00e1s conversa\u00e7\u00f5es corrompem os bons costumes. Vigiai justamente e n\u00e3o pequeis; porque alguns ainda n\u00e3o t\u00eam o conhecimento de Deus; digo-o para vergonha vossa\u201d (1Co 15.33,34). Logo, tanto nossos usos quanto nossos costumes t\u00eam de evidenciar que somos sal da terra e luz do mundo.<\/p>\n\n<p>Assim sendo, os crentes genu\u00ednos sabem que, at\u00e9 em suas vestes, precisam agradar a Deus, pois os preceitos divinos s\u00e3o claros quanto \u00e0 nossa vestidura. Eis o que Senhor ordenou aos israelitas: \u201cN\u00e3o haver\u00e1 trajo de homem na mulher, e n\u00e3o vestir\u00e1 o homem veste de mulher; porque qualquer que faz isto abomina\u00e7\u00e3o \u00e9 ao Senhor, teu Deus\u201d (Dt 22.5). N\u00e3o nos esque\u00e7amos, outrossim, da exorta\u00e7\u00e3o do irm\u00e3o Paulo quanto ao decoro e \u00e0 dec\u00eancia, que as santas mulheres t\u00eam de observar: \u201cN\u00e3o haver\u00e1 trajo de homem na mulher, e n\u00e3o vestir\u00e1 o homem veste de mulher; porque qualquer que faz isto abomina\u00e7\u00e3o \u00e9 ao Senhor, teu Deus\u201d (1Tm 2.9).<\/p>\n\n<p>Conclui-se, pois, que a S\u00e3 Doutrina, quando ensinada e praticada, leva-nos a usos e costumes sadios, recomend\u00e1veis, que resultar\u00e3o sempre em gl\u00f3ria e louvor ao Pai Celeste.\u00a0<\/p>\n\n<h2><strong>Resgatemos com urg\u00eancia a identidade peregrina da Assembleia de Deus, no Brasil, cujo alvo \u00e9 a Jerusal\u00e9m Celeste<\/strong><\/h2>\n\n<p>Jamais descuremos de algo que nos pode custar a pr\u00f3pria alma. Somos disc\u00edpulos de Cristo. Logo, possu\u00edmos dupla cidadania. A terrestre \u00e9 provis\u00f3ria; encerrar-se-\u00e1 quando fecharmos os olhos a este mundo. J\u00e1 a celeste prosseguir\u00e1, agora mais intensa e viva, quando abrirmos os olhos nos C\u00e9us, onde aguardaremos a ressurrei\u00e7\u00e3o de nosso corpo mortal. A partir de ent\u00e3o, estaremos para sempre com o Senhor.<\/p>\n\n<p>Somos peregrinos. Vivamos, ent\u00e3o, como tais. E sigamos \u00e0 risca a recomenda\u00e7\u00e3o do santo ap\u00f3stolo: \u201cSejam vossos costumes sem avareza, contentando-vos com o que tendes; porque ele disse: N\u00e3o te deixarei, nem te desampararei\u201d (Hb 13.5). Se de fato somos peregrinos, n\u00e3o amemos ao dinheiro, porque causar-nos-\u00e1 aborrecimentos e ang\u00fastias, conforme exorta-nos o irm\u00e3o Paulo: \u201cMas os que querem ser ricos caem em tenta\u00e7\u00e3o, e em la\u00e7o, e em muitas concupisc\u00eancias loucas e nocivas, que submergem os homens na perdi\u00e7\u00e3o e ru\u00edna. Porque o amor do dinheiro \u00e9 a raiz de toda esp\u00e9cie de males; e nessa cobi\u00e7a alguns se desviaram da f\u00e9 e se traspassaram a si mesmos com muitas dores\u201d (1Tm 6.9,10). Enfim, se de fato somos peregrinos, ajamos como tais e, como tais, esperemos o retorno de Nosso Senhor.<\/p>\n\n<p>Querido irm\u00e3o, n\u00e3o troque a gl\u00f3ria da cruz pelo esplendor do mundo. Assim, no final de nossa carreira, tenhamos a mesma confian\u00e7a do santo ap\u00f3stolo: \u201cCombati o bom combate, acabei a carreira, guardei a f\u00e9. Desde agora, a coroa da justi\u00e7a me est\u00e1 guardada, a qual o Senhor, justo juiz, me dar\u00e1 naquele Dia; e n\u00e3o somente a mim, mas tamb\u00e9m a todos os que amarem a sua vinda\u201d (2Tm 4.7,8). \u00a0<\/p>\n\n<h2><strong>CONCLUS\u00c3O<\/strong><\/h2>\n\n<p>\u00c0 semelhan\u00e7a dos primeiros crist\u00e3os, os crentes da Assembleia de Deus, no Brasil, eram facilmente identificados como um povo forte e revestido de poder.\u00a0<\/p>\n\n<p>\u00c9ramos identificados por nossa postura piedosa e santa; por nossos usos e costumes que, mesmo ao longe, denotavam-nos como pessoas comprometidas com Jesus Cristo; por nosso proceder social e c\u00edvico; por nossa conduta profissional; e, pela corre\u00e7\u00e3o dom\u00e9stica junto \u00e0 esposa e aos filhos, \u00e9ramos tamb\u00e9m logo identificados. Acima de tudo, \u00e9ramos identificados como seguidores de Jesus Cristo, o Salvador do mundo. Enfim, todos conheciam-nos como membros da Assembleia de Deus no Brasil.<\/p>\n\n<p>Resgatemos, pois, a nossa identidade como um povo forte e revestido de poder. Ou\u00e7amos a leitura desta passagem de Lucas:<\/p>\n\n<blockquote class=\"wp-block-quote is-layout-flow wp-block-quote-is-layout-flow\">\n<p><em>\u201cE sucedeu que todo um ano se reuniram naquela igreja e ensinaram muita gente. Em Antioquia, foram os disc\u00edpulos, pela primeira vez, chamados crist\u00e3os\u201d (At 11.26).<\/em><\/p>\n<\/blockquote>\n\n<p>Gl\u00f3ria a Jesus!<\/p>\n\n<div class=\"wp-block-group is-content-justification-left is-nowrap is-layout-flex wp-container-core-group-is-layout-fc9f69e7 wp-block-group-is-layout-flex\">\n<figure class=\"wp-block-image size-full\"><img decoding=\"async\" width=\"86\" height=\"86\" class=\"wp-image-2249\" src=\"https:\/\/raizespentecostais.com.br\/wp-content\/uploads\/2024\/10\/30-mm-Pr.-Claudionor-de-Andrade.png\" alt=\"\" \/><\/figure>\n\n<p class=\"has-text-align-left\"><strong>Porf. Pr. Claudionor de Andrade<\/strong> <sup class=\"fn\" data-fn=\"ebe8a47c-5014-437a-bacf-77fe0708cee7\"><a id=\"ebe8a47c-5014-437a-bacf-77fe0708cee7-link\" href=\"#ebe8a47c-5014-437a-bacf-77fe0708cee7\">1<\/a><\/sup> <br \/><em>Conselheiro B\u00edblico da EETAD e Edi\u00e7\u00f5es Bernhard Johnson<\/em><\/p>\n<\/div>\n\n<p>_____<\/p>\n<ol class=\"wp-block-footnotes has-small-font-size\"><li id=\"ebe8a47c-5014-437a-bacf-77fe0708cee7\"><strong>Pr. Claudionor de Andrade<\/strong>. Ministro do Santo Evangelho, o Pastor Claudionor de Andrade \u00e9 Conselheiro B\u00edblico da Escola de Educa\u00e7\u00e3o Teol\u00f3gica das Assembleias de Deus, a EETAD.\u00c9, tamb\u00e9m, Professor de Escola Dominical e autor de v\u00e1rios livros, dentre os quais a obra de refer\u00eancia \u201cDicion\u00e1rio Teol\u00f3gico\u201d. Pregador e conferencista, roga a Deus que o ajude a falar t\u00e3o somente o que conv\u00e9m \u00e0 S\u00e3 Doutrina. E implora aos redimidos que orem por ele, porque, conforme suas palavras, \u201csem Jesus nada posso fazer\". <a href=\"#ebe8a47c-5014-437a-bacf-77fe0708cee7-link\" aria-label=\"Ir para a refer\u00eancia 1 na nota de rodap\u00e9\">\u21a9\ufe0e<\/a><\/li><\/ol>\t\t\t\t\t\t\t\t<\/div>\n\t\t\t\t<\/div>\n\t\t\t\t\t<\/div>\n\t\t\t\t<\/div>\n\t\t\t\t<\/div>\n\t\t","protected":false},"excerpt":{"rendered":"<p>Algu\u00e9m disse, j\u00e1 faz algum tempo, que a Assembleia de Deus, em sua idade \u00e1urea, era uma igreja inimit\u00e1vel. Transcorridas [&hellip;]<\/p>\n","protected":false},"author":3,"featured_media":3673,"comment_status":"open","ping_status":"open","sticky":false,"template":"","format":"standard","meta":{"site-sidebar-layout":"right-sidebar","site-content-layout":"","ast-site-content-layout":"normal-width-container","site-content-style":"default","site-sidebar-style":"default","ast-global-header-display":"","ast-banner-title-visibility":"","ast-main-header-display":"","ast-hfb-above-header-display":"","ast-hfb-below-header-display":"","ast-hfb-mobile-header-display":"","site-post-title":"","ast-breadcrumbs-content":"","ast-featured-img":"","footer-sml-layout":"","theme-transparent-header-meta":"default","adv-header-id-meta":"","stick-header-meta":"","header-above-stick-meta":"","header-main-stick-meta":"","header-below-stick-meta":"","astra-migrate-meta-layouts":"default","ast-page-background-enabled":"default","ast-page-background-meta":{"desktop":{"background-color":"var(--ast-global-color-5)","background-image":"","background-repeat":"repeat","background-position":"center center","background-size":"auto","background-attachment":"scroll","background-type":"","background-media":"","overlay-type":"","overlay-color":"","overlay-opacity":"","overlay-gradient":""},"tablet":{"background-color":"","background-image":"","background-repeat":"repeat","background-position":"center center","background-size":"auto","background-attachment":"scroll","background-type":"","background-media":"","overlay-type":"","overlay-color":"","overlay-opacity":"","overlay-gradient":""},"mobile":{"background-color":"","background-image":"","background-repeat":"repeat","background-position":"center center","background-size":"auto","background-attachment":"scroll","background-type":"","background-media":"","overlay-type":"","overlay-color":"","overlay-opacity":"","overlay-gradient":""}},"ast-content-background-meta":{"desktop":{"background-color":"var(--ast-global-color-4)","background-image":"","background-repeat":"repeat","background-position":"center center","background-size":"auto","background-attachment":"scroll","background-type":"","background-media":"","overlay-type":"","overlay-color":"","overlay-opacity":"","overlay-gradient":""},"tablet":{"background-color":"var(--ast-global-color-4)","background-image":"","background-repeat":"repeat","background-position":"center center","background-size":"auto","background-attachment":"scroll","background-type":"","background-media":"","overlay-type":"","overlay-color":"","overlay-opacity":"","overlay-gradient":""},"mobile":{"background-color":"var(--ast-global-color-4)","background-image":"","background-repeat":"repeat","background-position":"center center","background-size":"auto","background-attachment":"scroll","background-type":"","background-media":"","overlay-type":"","overlay-color":"","overlay-opacity":"","overlay-gradient":""}},"footnotes":"[{\"content\":\"<strong>Pr. Claudionor de Andrade<\/strong>. Ministro do Santo Evangelho, o Pastor Claudionor de Andrade \u00e9 Conselheiro B\u00edblico da Escola de Educa\u00e7\u00e3o Teol\u00f3gica das Assembleias de Deus, a EETAD.\u00c9, tamb\u00e9m, Professor de Escola Dominical e autor de v\u00e1rios livros, dentre os quais a obra de refer\u00eancia \u201cDicion\u00e1rio Teol\u00f3gico\u201d. Pregador e conferencista, roga a Deus que o ajude a falar t\u00e3o somente o que conv\u00e9m \u00e0 S\u00e3 Doutrina. E implora aos redimidos que orem por ele, porque, conforme suas palavras, \u201csem Jesus nada posso fazer\\\".\",\"id\":\"ebe8a47c-5014-437a-bacf-77fe0708cee7\"}]"},"categories":[8,6,11],"tags":[],"class_list":["post-2672","post","type-post","status-publish","format-standard","has-post-thumbnail","hentry","category-apologetica","category-destaque","category-espirito-santo"],"_links":{"self":[{"href":"https:\/\/raizespentecostais.com.br\/index.php\/wp-json\/wp\/v2\/posts\/2672","targetHints":{"allow":["GET"]}}],"collection":[{"href":"https:\/\/raizespentecostais.com.br\/index.php\/wp-json\/wp\/v2\/posts"}],"about":[{"href":"https:\/\/raizespentecostais.com.br\/index.php\/wp-json\/wp\/v2\/types\/post"}],"author":[{"embeddable":true,"href":"https:\/\/raizespentecostais.com.br\/index.php\/wp-json\/wp\/v2\/users\/3"}],"replies":[{"embeddable":true,"href":"https:\/\/raizespentecostais.com.br\/index.php\/wp-json\/wp\/v2\/comments?post=2672"}],"version-history":[{"count":18,"href":"https:\/\/raizespentecostais.com.br\/index.php\/wp-json\/wp\/v2\/posts\/2672\/revisions"}],"predecessor-version":[{"id":3806,"href":"https:\/\/raizespentecostais.com.br\/index.php\/wp-json\/wp\/v2\/posts\/2672\/revisions\/3806"}],"wp:featuredmedia":[{"embeddable":true,"href":"https:\/\/raizespentecostais.com.br\/index.php\/wp-json\/wp\/v2\/media\/3673"}],"wp:attachment":[{"href":"https:\/\/raizespentecostais.com.br\/index.php\/wp-json\/wp\/v2\/media?parent=2672"}],"wp:term":[{"taxonomy":"category","embeddable":true,"href":"https:\/\/raizespentecostais.com.br\/index.php\/wp-json\/wp\/v2\/categories?post=2672"},{"taxonomy":"post_tag","embeddable":true,"href":"https:\/\/raizespentecostais.com.br\/index.php\/wp-json\/wp\/v2\/tags?post=2672"}],"curies":[{"name":"wp","href":"https:\/\/api.w.org\/{rel}","templated":true}]}}