{"id":2681,"date":"2025-05-06T13:55:37","date_gmt":"2025-05-06T13:55:37","guid":{"rendered":"https:\/\/raizespentecostais.com.br\/?p=2681"},"modified":"2025-10-20T19:28:28","modified_gmt":"2025-10-20T19:28:28","slug":"aluno-padrao-da-eetad","status":"publish","type":"post","link":"https:\/\/raizespentecostais.com.br\/index.php\/aluno-padrao-da-eetad\/","title":{"rendered":"Aluno-padr\u00e3o da EETAD"},"content":{"rendered":"\n<div class=\"wp-block-group is-content-justification-right is-nowrap is-layout-flex wp-container-core-group-is-layout-17124a9a wp-block-group-is-layout-flex\">\n<p class=\"has-text-align-right\"><strong>Por Pr. Claudionor de Andrade<\/strong> <sup data-fn=\"5bc46a38-7192-454d-8a4c-75258d742166\" class=\"fn\"><a href=\"#5bc46a38-7192-454d-8a4c-75258d742166\" id=\"5bc46a38-7192-454d-8a4c-75258d742166-link\">1<\/a><\/sup> <br><em>Conselheiro B\u00edblico da EETAD e Edi\u00e7\u00f5es Bernhard Johnson<\/em><\/p>\n\n\n\n<figure class=\"wp-block-image size-full\"><img decoding=\"async\" width=\"86\" height=\"86\" src=\"https:\/\/raizespentecostais.com.br\/wp-content\/uploads\/2024\/10\/30-mm-Pr.-Claudionor-de-Andrade.png\" alt=\"\" class=\"wp-image-2249\"\/><\/figure>\n<\/div>\n\n\n\n<div style=\"height:60px\" aria-hidden=\"true\" class=\"wp-block-spacer\"><\/div>\n\n\n\n<p><strong>I. O aluno-padr\u00e3o da EETAD tem de ter convic\u00e7\u00e3o de sua chamada<\/strong><\/p>\n\n\n\n<blockquote class=\"wp-block-quote is-layout-flow wp-block-quote-is-layout-flow\">\n<p>\u201c<em>Mas, quando aprouve a Deus, que desde o ventre de minha m\u00e3e me separou, e me chamou pela sua gra\u00e7a, revelar seu Filho em mim, para que eu o pregasse entre os gentios, n\u00e3o consultei carne e sangue, nem subi a Jerusal\u00e9m para estar com os que j\u00e1 antes de mim eram ap\u00f3stolos, mas parti para a Ar\u00e1bia, e voltei outra vez a Damasco<\/em>\u201d (Gl 1.15-17).<\/p>\n<\/blockquote>\n\n\n\n<p><strong>II. O ALUNO-PADR\u00c3O DA EETAD TEM UM HIST\u00d3RICO DE SERVI\u00c7O A DEUS<\/strong><\/p>\n\n\n\n<blockquote class=\"wp-block-quote is-layout-flow wp-block-quote-is-layout-flow\">\n<p>\u201c<em>Dou gra\u00e7as a Deus, a quem desde os meus antepassados sirvo com uma consci\u00eancia pura, de que sem cessar fa\u00e7o men\u00e7\u00e3o de ti em minhas s\u00faplicas de noite e de dia<\/em>\u201d (2Tm 1.3).<\/p>\n<\/blockquote>\n\n\n\n<p><strong>III. O ALUNO-PADR\u00c3O DA EETAD SEMPRE ESTEVE AOS P\u00c9S DE HOMENS S\u00c1BIOS E TEMENTES A DEUS<\/strong><\/p>\n\n\n\n<blockquote class=\"wp-block-quote is-layout-flow wp-block-quote-is-layout-flow\">\n<p>\u201c<em>Eu sou judeu, nascido em Tarso da Cil\u00edcia, mas criado nesta cidade, instru\u00eddo aos p\u00e9s de Gamaliel, conforme a precis\u00e3o da lei de nossos pais, sendo zeloso para com Deus, assim como o sois todos v\u00f3s no dia de hoje<\/em>\u201d (At 22.3).<\/p>\n<\/blockquote>\n\n\n\n<p><strong>IV. O ALUNO-PADR\u00c3O DA EETAD SUBMETE-SE \u00c0 SOBERANIA DE JESUS CRISTO, O ETERNO FILHO DE DEUS<\/strong><\/p>\n\n\n\n<blockquote class=\"wp-block-quote is-layout-flow wp-block-quote-is-layout-flow\">\n<p>\u201c<em>Mas, seguindo ele viagem e aproximando-se de Damasco, subitamente o cercou um resplendor de luz do c\u00e9u; e, caindo por terra, ouviu uma voz que lhe dizia: Saulo, Saulo, por que me persegues? Ele perguntou: Quem \u00e9s tu, Senhor? Respondeu o Senhor: Eu sou Jesus, a quem tu persegues; mas levanta-te e entra na cidade, e l\u00e1 te ser\u00e1 dito o que te cumpre fazer<\/em>\u201d (At 9.3-6).<\/p>\n<\/blockquote>\n\n\n\n<p><strong>V. O ALUNO-PADR\u00c3O DA EETAD DEIXA-SE DISCIPULAR, PARA SER CHEIO DO ESP\u00cdRITO SANTO<\/strong><\/p>\n\n\n\n<blockquote class=\"wp-block-quote is-layout-flow wp-block-quote-is-layout-flow\">\n<p>\u201c<em>Partiu Ananias e entrou na casa e, impondo-lhe as m\u00e3os, disse: Irm\u00e3o Saulo, o Senhor Jesus, que te apareceu no caminho por onde vinhas, enviou-me para que tornes a ver e sejas cheio do Esp\u00edrito Santo. Logo lhe ca\u00edram dos olhos como que umas escamas, e recuperou a vista: ent\u00e3o, levantando-se, foi batizado. E, tendo tomado alimento, ficou fortalecido. Depois demorou- se alguns dias com os disc!pulos que estavam em Damasco; e logo nas sinagogas pregava a Jesus, que este era o filho de Deus<\/em>\u201d (At 9.17-20).<\/p>\n<\/blockquote>\n\n\n\n<p><strong>VI. O ALUNO-PADR\u00c3O DA EETAD SABE ESPERAR O TEMPO CERTO DE SUA ORDENA\u00c7\u00c3O AO MINIST\u00c9RIO DA PALAVRA<\/strong><\/p>\n\n\n\n<blockquote class=\"wp-block-quote is-layout-flow wp-block-quote-is-layout-flow\">\n<p>\u201c<em>Depois, passados tr\u00eas anos, subi a Jerusal\u00e9m para visitar a Cefas, e demorei com ele quinze dias. Mas n\u00e3o vi a nenhum outro dos ap\u00f3stolos, sen\u00e3o a Tiago, irm\u00e3o do Senhor. Ora, acerca do que vos escrevo, eis que diante de Deus testifico que n\u00e3o minto. Depois fui para as regi\u00f5es da S\u00edria e da Cil\u00edcia. N\u00e3o era conhecido de vista das igrejas de Cristo na Jud\u00e9ia; mas somente tinham ouvido dizer: Aquele que outrora nos perseguia agora prega a f\u00e9 que antes procurava destruir; e glorificavam a Deus a respeito de mim<\/em>\u201d (Gl 1.18-24).<\/p>\n<\/blockquote>\n\n\n\n<p><strong>VII. O ALUNO-PADR\u00c3O DA EETAD N\u00c3O \u00c9 REBELDE \u00c0 VIS\u00c3O CELESTIAL<\/strong><\/p>\n\n\n\n<blockquote class=\"wp-block-quote is-layout-flow wp-block-quote-is-layout-flow\">\n<p>\u201c<em>Pelo que, \u00f3 rei Agripa, n\u00e3o fui desobediente \u00e0 vis\u00e3o celestial, antes anunciei primeiramente aos que est\u00e3o em Damasco, e depois em Jerusal\u00e9m, e por toda a terra da Jud\u00e9ia e tamb\u00e9m aos gentios, que se arrependessem e se convertessem a Deus, praticando obras dignas de arrependimento<\/em>\u201d (At 26.19,20).<\/p>\n<\/blockquote>\n\n\n\n<p><strong>VIII. O ALUNO- PADR\u00c3O DA EETAD TEM A B\u00cdBLIA SAGRADA COMO A INSPIRADA, INERRANTE E INFAL\u00cdVEL PALAVRA DE DEUS<\/strong><\/p>\n\n\n\n<blockquote class=\"wp-block-quote is-layout-flow wp-block-quote-is-layout-flow\">\n<p>\u201c<em>Toda Escritura \u00e9 divinamente inspirada e proveitosa para ensinar, para repreender, para corrigir, para instruir em justi\u00e7a; para que o homem de Deus seja perfeito, e perfeitamente preparado para toda boa obra<\/em>\u201d (2Tm 3.16,17).<\/p>\n<\/blockquote>\n\n\n\n<p><strong>IX. O ALUNO-PADR\u00c3O DA EETAD S\u00d3 ADMITE SER CHAMADO PELO ESP\u00cdRITO SANTO<\/strong><\/p>\n\n\n\n<blockquote class=\"wp-block-quote is-layout-flow wp-block-quote-is-layout-flow\">\n<p>\u201c<em>Ora, na igreja em Antioquia havia profetas e mestres, a saber: Barnab\u00e9, Sime\u00e3o, chamado N\u00edger, L\u00facio de Cirene, Mana\u00e9m, cola\u00e7o de Herodes o tetrarca, e Saulo. Enquanto eles ministravam perante o Senhor e jejuavam, disse o Esp\u00edrito Santo: Separai-me a Barnab\u00e9 e a Saulo para a obra a que os tenho chamado. Ent\u00e3o, depois que jejuaram, oraram e lhes impuseram as m\u00e3os, os despediram<\/em>\u201d (At 13.1-3).<\/p>\n<\/blockquote>\n\n\n\n<p><strong>X. O ALUNO-PADR\u00c3O DA EETAD TEM POR H\u00c1BITO ORAR INCESSANTEMENTE A DEUS<\/strong><\/p>\n\n\n\n<blockquote class=\"wp-block-quote is-layout-flow wp-block-quote-is-layout-flow\">\n<p>\u201c<em>Por esta raz\u00e3o dobro os meus joelhos perante o Pai, do qual toda fam\u00edlia nos c\u00e9us e na terra toma o nome, para que, segundo as riquezas da sua gl\u00f3ria, vos conceda que sejais robustecidos com poder pelo seu Esp\u00edrito no homem interior; que Cristo habite pela f\u00e9 nos vossos cora\u00e7\u00f5es, a fim de que, estando arraigados e fundados em amor<\/em>\u201d (Ef 3.14-17).<\/p>\n<\/blockquote>\n\n\n\n<p><strong>XI. O ALUNO-PADR\u00c3O DA EETAD SENTE O PESO DA EVANGELIZA\u00c7\u00c3O MUNDIAL<\/strong><\/p>\n\n\n\n<blockquote class=\"wp-block-quote is-layout-flow wp-block-quote-is-layout-flow\">\n<p>\u201c<em>Pois, se anuncio o evangelho, n\u00e3o tenho de que me gloriar, porque me \u00e9 imposta essa obriga\u00e7\u00e3o; e ai de mim, se n\u00e3o anunciar o evangelho!<\/em>\u201d (1Co 9.16).<\/p>\n<\/blockquote>\n\n\n\n<p><strong>XII. O ALUNO-PADR\u00c3O DA EETAD SENTE DORES DE PARTO PELA FORMA\u00c7\u00c3O DE CRISTO NAS IGREJAS<\/strong><\/p>\n\n\n\n<blockquote class=\"wp-block-quote is-layout-flow wp-block-quote-is-layout-flow\">\n<p>\u201c<em>Meus filhinhos, por quem de novo sinto as dores de parto, at\u00e9 que Cristo seja formado em v\u00f3s; eu bem quisera estar presente convosco agora, e mudar o tom da minha voz; porque estou perplexo a vosso respeito<\/em>\u201d (Gl 4.19,20).<\/p>\n<\/blockquote>\n\n\n\n<p><strong>XIII. O ALUNO-PADR\u00c3O DA EETAD N\u00c3O TEM A ERUDI\u00c7\u00c3O COMO UM FIM EM SI MESMA, PORQUE, PARA ELE, O MAIS IMPORTANTE \u00c9 GANHAR ALMAS<\/strong><\/p>\n\n\n\n<blockquote class=\"wp-block-quote is-layout-flow wp-block-quote-is-layout-flow\">\n<p>\u201c<em>E eu, irm\u00e3os, quando fui ter convosco, anunciando-vos o testemunho de Deus, n\u00e3o fui com sublimidade de palavras ou de sabedoria. Porque nada me propus saber entre v\u00f3s, sen\u00e3o a Jesus Cristo, e este crucificado<\/em>\u201d (1Co 2.1,2).<\/p>\n<\/blockquote>\n\n\n\n<p><strong>XIV. O ALUNO-PADR\u00c3O DA EETAD \u00c9 UM S\u00c1BIO \u00c9 PERSISTENTE ESTUDIOSO DAS ESCRITURAS<\/strong><\/p>\n\n\n\n<blockquote class=\"wp-block-quote is-layout-flow wp-block-quote-is-layout-flow\">\n<p>\u201c<em>Quando vieres traze a capa que deixei em Tr\u00f4ade, em casa de Carpo, e os livros, especialmente os pergaminhos<\/em>\u201d (2Tm 4.13).<\/p>\n<\/blockquote>\n\n\n\n<p><strong>XV. O ALUNO-PADR\u00c3O DA EETAD SABER\u00c1 COMO ENCERRAR A CARREIRA GLORIOSAMENTE EM JESUS CRISTO, O ETERNO FILHO DE DEUS<\/strong><\/p>\n\n\n\n<blockquote class=\"wp-block-quote is-layout-flow wp-block-quote-is-layout-flow\">\n<p>\u201c<em>Combati o bom combate, acabei a carreira, guardei a f\u00e9. Desde agora, a coroa da justi\u00e7a me est\u00e1 guardada, a qual o Senhor, justo juiz, me dar\u00e1 naquele dia; e n\u00e3o somente a mim, mas tamb\u00e9m a todos os que amarem a sua vinda<\/em>\u201d (2Tm 4.7,8).<\/p>\n<\/blockquote>\n\n\n<ol class=\"wp-block-footnotes has-small-font-size\"><li id=\"5bc46a38-7192-454d-8a4c-75258d742166\"><strong>Pr. Claudionor de Andrade<\/strong>. Ministro do Santo Evangelho, o Pastor Claudionor de Andrade \u00e9 Conselheiro B\u00edblico da Escola de Educa\u00e7\u00e3o Teol\u00f3gica das Assembleias de Deus, a EETAD.\u00c9, tamb\u00e9m, Professor de Escola Dominical e autor de v\u00e1rios livros, dentre os quais a obra de refer\u00eancia \u201cDicion\u00e1rio Teol\u00f3gico\u201d. Pregador e conferencista, roga a Deus que o ajude a falar t\u00e3o somente o que conv\u00e9m \u00e0 S\u00e3 Doutrina. E implora aos redimidos que orem por ele, porque, conforme suas palavras, \u201csem Jesus nada posso fazer&#8221;. <a href=\"#5bc46a38-7192-454d-8a4c-75258d742166-link\" aria-label=\"Ir para a refer\u00eancia 1 na nota de rodap\u00e9\">\u21a9\ufe0e<\/a><\/li><\/ol>","protected":false},"excerpt":{"rendered":"<p>Por Pr. Claudionor de Andrade Conselheiro B\u00edblico da EETAD e Edi\u00e7\u00f5es Bernhard Johnson I. O aluno-padr\u00e3o da EETAD tem de [&hellip;]<\/p>\n","protected":false},"author":3,"featured_media":2683,"comment_status":"open","ping_status":"open","sticky":false,"template":"","format":"standard","meta":{"site-sidebar-layout":"default","site-content-layout":"","ast-site-content-layout":"default","site-content-style":"default","site-sidebar-style":"default","ast-global-header-display":"","ast-banner-title-visibility":"","ast-main-header-display":"","ast-hfb-above-header-display":"","ast-hfb-below-header-display":"","ast-hfb-mobile-header-display":"","site-post-title":"","ast-breadcrumbs-content":"","ast-featured-img":"","footer-sml-layout":"","theme-transparent-header-meta":"","adv-header-id-meta":"","stick-header-meta":"","header-above-stick-meta":"","header-main-stick-meta":"","header-below-stick-meta":"","astra-migrate-meta-layouts":"default","ast-page-background-enabled":"default","ast-page-background-meta":{"desktop":{"background-color":"var(--ast-global-color-5)","background-image":"","background-repeat":"repeat","background-position":"center center","background-size":"auto","background-attachment":"scroll","background-type":"","background-media":"","overlay-type":"","overlay-color":"","overlay-opacity":"","overlay-gradient":""},"tablet":{"background-color":"","background-image":"","background-repeat":"repeat","background-position":"center center","background-size":"auto","background-attachment":"scroll","background-type":"","background-media":"","overlay-type":"","overlay-color":"","overlay-opacity":"","overlay-gradient":""},"mobile":{"background-color":"","background-image":"","background-repeat":"repeat","background-position":"center center","background-size":"auto","background-attachment":"scroll","background-type":"","background-media":"","overlay-type":"","overlay-color":"","overlay-opacity":"","overlay-gradient":""}},"ast-content-background-meta":{"desktop":{"background-color":"var(--ast-global-color-4)","background-image":"","background-repeat":"repeat","background-position":"center center","background-size":"auto","background-attachment":"scroll","background-type":"","background-media":"","overlay-type":"","overlay-color":"","overlay-opacity":"","overlay-gradient":""},"tablet":{"background-color":"var(--ast-global-color-4)","background-image":"","background-repeat":"repeat","background-position":"center center","background-size":"auto","background-attachment":"scroll","background-type":"","background-media":"","overlay-type":"","overlay-color":"","overlay-opacity":"","overlay-gradient":""},"mobile":{"background-color":"var(--ast-global-color-4)","background-image":"","background-repeat":"repeat","background-position":"center center","background-size":"auto","background-attachment":"scroll","background-type":"","background-media":"","overlay-type":"","overlay-color":"","overlay-opacity":"","overlay-gradient":""}},"footnotes":"[{\"content\":\"<strong>Pr. Claudionor de Andrade<\/strong>. Ministro do Santo Evangelho, o Pastor Claudionor de Andrade \u00e9 Conselheiro B\u00edblico da Escola de Educa\u00e7\u00e3o Teol\u00f3gica das Assembleias de Deus, a EETAD.\u00c9, tamb\u00e9m, Professor de Escola Dominical e autor de v\u00e1rios livros, dentre os quais a obra de refer\u00eancia \u201cDicion\u00e1rio Teol\u00f3gico\u201d. Pregador e conferencista, roga a Deus que o ajude a falar t\u00e3o somente o que conv\u00e9m \u00e0 S\u00e3 Doutrina. E implora aos redimidos que orem por ele, porque, conforme suas palavras, \u201csem Jesus nada posso fazer\\\".\",\"id\":\"5bc46a38-7192-454d-8a4c-75258d742166\"}]"},"categories":[10,5],"tags":[],"class_list":["post-2681","post","type-post","status-publish","format-standard","has-post-thumbnail","hentry","category-devocional","category-vida-crista"],"_links":{"self":[{"href":"https:\/\/raizespentecostais.com.br\/index.php\/wp-json\/wp\/v2\/posts\/2681","targetHints":{"allow":["GET"]}}],"collection":[{"href":"https:\/\/raizespentecostais.com.br\/index.php\/wp-json\/wp\/v2\/posts"}],"about":[{"href":"https:\/\/raizespentecostais.com.br\/index.php\/wp-json\/wp\/v2\/types\/post"}],"author":[{"embeddable":true,"href":"https:\/\/raizespentecostais.com.br\/index.php\/wp-json\/wp\/v2\/users\/3"}],"replies":[{"embeddable":true,"href":"https:\/\/raizespentecostais.com.br\/index.php\/wp-json\/wp\/v2\/comments?post=2681"}],"version-history":[{"count":2,"href":"https:\/\/raizespentecostais.com.br\/index.php\/wp-json\/wp\/v2\/posts\/2681\/revisions"}],"predecessor-version":[{"id":3220,"href":"https:\/\/raizespentecostais.com.br\/index.php\/wp-json\/wp\/v2\/posts\/2681\/revisions\/3220"}],"wp:featuredmedia":[{"embeddable":true,"href":"https:\/\/raizespentecostais.com.br\/index.php\/wp-json\/wp\/v2\/media\/2683"}],"wp:attachment":[{"href":"https:\/\/raizespentecostais.com.br\/index.php\/wp-json\/wp\/v2\/media?parent=2681"}],"wp:term":[{"taxonomy":"category","embeddable":true,"href":"https:\/\/raizespentecostais.com.br\/index.php\/wp-json\/wp\/v2\/categories?post=2681"},{"taxonomy":"post_tag","embeddable":true,"href":"https:\/\/raizespentecostais.com.br\/index.php\/wp-json\/wp\/v2\/tags?post=2681"}],"curies":[{"name":"wp","href":"https:\/\/api.w.org\/{rel}","templated":true}]}}