{"id":2716,"date":"2025-05-06T14:33:12","date_gmt":"2025-05-06T14:33:12","guid":{"rendered":"https:\/\/raizespentecostais.com.br\/?p=2716"},"modified":"2025-10-20T19:27:28","modified_gmt":"2025-10-20T19:27:28","slug":"nosso-jubileu","status":"publish","type":"post","link":"https:\/\/raizespentecostais.com.br\/index.php\/nosso-jubileu\/","title":{"rendered":"Nosso Jubileu"},"content":{"rendered":"\n<div class=\"wp-block-group is-content-justification-right is-nowrap is-layout-flex wp-container-core-group-is-layout-369f395c wp-block-group-is-layout-flex\">\n<p class=\"has-text-align-right\"><strong>Por Pr. Terry Johnson <\/strong> <br><em>Presidente da EETAD e Edi\u00e7\u00f5es Bernhard Johnson<\/em><\/p>\n\n\n\n<figure class=\"wp-block-gallery has-nested-images columns-default is-cropped wp-block-gallery-1 is-layout-flex wp-block-gallery-is-layout-flex\">\n<figure class=\"wp-block-image size-full\"><img decoding=\"async\" width=\"87\" height=\"86\" data-id=\"2267\" src=\"http:\/\/raizespentecostais.com.br\/wp-content\/uploads\/2024\/12\/30-mm-Pr.-Terry-Johnson.png\" alt=\"\" class=\"wp-image-2267\"\/><\/figure>\n<\/figure>\n<\/div>\n\n\n\n<div style=\"height:60px\" aria-hidden=\"true\" class=\"wp-block-spacer\"><\/div>\n\n\n\n<p class=\"has-drop-cap\">Alegres no Senhor, celebramos os 45 anos da Escola de Educa\u00e7\u00e3o Teol\u00f3gica das Assembleias de Deus, a nossa EETAD. Fundada em 1979 pelo amado Mission\u00e1rio Bernhard Johnson, esta institui\u00e7\u00e3o nasceu com a miss\u00e3o divina de proporcionar forma\u00e7\u00e3o b\u00edblica s\u00f3lida tanto para obreiros quanto para leigos, capacitando-os a servir melhor a Deus e \u00e0s suas igrejas.<\/p>\n\n\n\n<p>Ao longo dessas quatro d\u00e9cadas e meia, a EETAD tem sido um farol do conhecimento b\u00edblico, transformando in\u00fameras vidas e igrejas em todo o pa\u00eds. Com mais de 300 mil alunos passados por nossos cursos, vemos o impacto profundo que a educa\u00e7\u00e3o teol\u00f3gica pentecostal e conservadora que oferecemos tem tido na igreja brasileira. Cada sala de aula, cada li\u00e7\u00e3o ensinada, cada manual impresso refletem o compromisso inabal\u00e1vel que temos com a excel\u00eancia b\u00edblica e o crescimento espiritual dos alunos. Este legado, iniciado por meu pai, continua a ser o alicerce sobre o qual servimos a Deus nesta institui\u00e7\u00e3o.<\/p>\n\n\n\n<p>Nossa miss\u00e3o \u00e9 abrangente, oferecendo abund\u00e2ncia de cursos, desde o Programa de Forma\u00e7\u00e3o em Teologia (do B\u00e1sico ao Avan\u00e7ado) at\u00e9 o Doutorado em Teologia, passando pela p\u00f3s-gradua\u00e7\u00e3o em Grego do Novo Testamento e pelo Mestrado em Minist\u00e9rio. Al\u00e9m disso, disponibilizamos seis cursos r\u00e1pidos na plataforma Aleteia, atendendo \u00e0s diferentes necessidades de forma\u00e7\u00e3o dos nossos irm\u00e3os em Cristo; destaco, ainda, os aben\u00e7oad\u00edssimos eventos acad\u00eamicos presenciais realizados todos os anos em nossa sede nacional. Esta variedade de forma\u00e7\u00f5es testemunha o compromisso que temos em equipar os servos de Deus com o conhecimento necess\u00e1rio para os seus minist\u00e9rios.<\/p>\n\n\n\n<p>A EETAD n\u00e3o \u00e9 apenas uma institui\u00e7\u00e3o de ensino. Desde a partida do Mission\u00e1rio Bernhard Johnson, tenho tido a honra e o privil\u00e9gio de presidir esta Escola, servindo com o mesmo amor a Cristo e a mesma obedi\u00eancia irrestrita \u00e0 palavra de Deus. A mem\u00f3ria e o exemplo de meu pai permanecem vivos em meu cora\u00e7\u00e3o. Lembro-me de suas ora\u00e7\u00f5es por esta obra, e n\u00e3o me esquecerei jamais do quanto a minha fam\u00edlia (meu pai, minha m\u00e3e, meus irm\u00e3os, e, mais recentemente, minha esposa, os dois filhos que Deus nos deu, e, tamb\u00e9m, eu) sofreu, lutou e orou pela EETAD. N\u00e3o obstante a isso, eu me sinto honrado em dizer: a minha fam\u00edlia n\u00e3o \u00e9 a dona da EETAD, muito ao contr\u00e1rio, somos servos desta obra e, especialmente, de nosso Senhor e Deus, Ele, sim, o \u00fanico propriet\u00e1rio da EETAD. Esta casa \u00e9 Dele.<\/p>\n\n\n\n<p>Em 1976, o Pr. Bernhard Johnson recebeu a vis\u00e3o de Deus para criar a EETAD, apresentando imediatamente o projeto \u00e0 lideran\u00e7a das Assembleias de Deus. A aceita\u00e7\u00e3o foi confirmada com a aprova\u00e7\u00e3o de uma proposta pelo plen\u00e1rio da Assembleia Geral Ordin\u00e1ria da CGADB, realizada em Porto Alegre (RS), em Janeiro de 1979, criando uma escola nacional de ensino teol\u00f3gico conhecida como EETAD e presidida pelo Pr. Bernhard. O desejo da Conven\u00e7\u00e3o era que todo obreiro estudasse na EETAD para ampliar o seu conhecimento b\u00edblico e teol\u00f3gico. Por isso, a EETAD tem a colabora\u00e7\u00e3o de todas as conven\u00e7\u00f5es nacionais das Assembleias de Deus at\u00e9 hoje.<\/p>\n\n\n\n<p>O impacto da EETAD transcende fronteiras. Estamos presentes em treze na\u00e7\u00f5es, al\u00e9m de nosso querido Brasil, espalhando o conhecimento b\u00edblico e a forma\u00e7\u00e3o teol\u00f3gica internacionalmente: Angola, Argentina, B\u00e9lgica, Bol\u00edvia, Canad\u00e1, Estados Unidos, Jap\u00e3o, Luxemburgo, Mo\u00e7ambique, Peru, Portugal, S\u00e3o Tom\u00e9 e Pr\u00edncipe e Venezuela. Alegra-me dizer que 55% dos presidentes das conven\u00e7\u00f5es estaduais de ministros das Assembleias de Deus estudaram na EETAD, uma prova incontest\u00e1vel da qualidade e relev\u00e2ncia de nossa escola. Al\u00e9m disso, a concess\u00e3o de bolsas integrais de estudo para setenta alunos em pres\u00eddios (atrav\u00e9s da iniciativa Cela de Aula) e outros setenta estudantes em Mo\u00e7ambique e Angola (atrav\u00e9s do Projeto \u00c1frica) s\u00e3o a prova de que a obra mission\u00e1ria \u00e9 parte essencial de nossa miss\u00e3o. Meus av\u00f3s foram mission\u00e1rios; meus pais igualmente o foram; minha esposa e eu fazemos miss\u00f5es. Logo, a EETAD n\u00e3o poderia deixar de ser missiol\u00f3gica.<\/p>\n\n\n\n<p>Nesta edi\u00e7\u00e3o especial de nossa revista, queremos mais do que celebrar a hist\u00f3ria da EETAD; queremos consagrar nosso futuro ao Criador, pois n\u00e3o podemos nos afastar em absolutamente nada da vis\u00e3o dada por Deus ao nosso fundador, e que, agora, \u00e9 nossa vis\u00e3o tamb\u00e9m.<\/p>\n\n\n\n<p>Agradecemos a todos que fizeram e fazem parte desta vit\u00f3ria de nosso Jubileu de Safira \u2013 alunos, professores, funcion\u00e1rios, membros fundadores, queridos Diretores de N\u00facleos e suas igrejas. Cada um de n\u00f3s \u00e9 um canal das b\u00ean\u00e7\u00e3os do Senhor sobre esta obra.<\/p>\n","protected":false},"excerpt":{"rendered":"<p>Por Pr. Terry Johnson Presidente da EETAD e Edi\u00e7\u00f5es Bernhard Johnson Alegres no Senhor, celebramos os 45 anos da Escola [&hellip;]<\/p>\n","protected":false},"author":12,"featured_media":2718,"comment_status":"open","ping_status":"open","sticky":false,"template":"","format":"standard","meta":{"site-sidebar-layout":"default","site-content-layout":"","ast-site-content-layout":"default","site-content-style":"default","site-sidebar-style":"default","ast-global-header-display":"","ast-banner-title-visibility":"","ast-main-header-display":"","ast-hfb-above-header-display":"","ast-hfb-below-header-display":"","ast-hfb-mobile-header-display":"","site-post-title":"","ast-breadcrumbs-content":"","ast-featured-img":"","footer-sml-layout":"","theme-transparent-header-meta":"","adv-header-id-meta":"","stick-header-meta":"","header-above-stick-meta":"","header-main-stick-meta":"","header-below-stick-meta":"","astra-migrate-meta-layouts":"default","ast-page-background-enabled":"default","ast-page-background-meta":{"desktop":{"background-color":"var(--ast-global-color-5)","background-image":"","background-repeat":"repeat","background-position":"center center","background-size":"auto","background-attachment":"scroll","background-type":"","background-media":"","overlay-type":"","overlay-color":"","overlay-opacity":"","overlay-gradient":""},"tablet":{"background-color":"","background-image":"","background-repeat":"repeat","background-position":"center center","background-size":"auto","background-attachment":"scroll","background-type":"","background-media":"","overlay-type":"","overlay-color":"","overlay-opacity":"","overlay-gradient":""},"mobile":{"background-color":"","background-image":"","background-repeat":"repeat","background-position":"center center","background-size":"auto","background-attachment":"scroll","background-type":"","background-media":"","overlay-type":"","overlay-color":"","overlay-opacity":"","overlay-gradient":""}},"ast-content-background-meta":{"desktop":{"background-color":"var(--ast-global-color-4)","background-image":"","background-repeat":"repeat","background-position":"center center","background-size":"auto","background-attachment":"scroll","background-type":"","background-media":"","overlay-type":"","overlay-color":"","overlay-opacity":"","overlay-gradient":""},"tablet":{"background-color":"var(--ast-global-color-4)","background-image":"","background-repeat":"repeat","background-position":"center center","background-size":"auto","background-attachment":"scroll","background-type":"","background-media":"","overlay-type":"","overlay-color":"","overlay-opacity":"","overlay-gradient":""},"mobile":{"background-color":"var(--ast-global-color-4)","background-image":"","background-repeat":"repeat","background-position":"center center","background-size":"auto","background-attachment":"scroll","background-type":"","background-media":"","overlay-type":"","overlay-color":"","overlay-opacity":"","overlay-gradient":""}},"footnotes":""},"categories":[17],"tags":[],"class_list":["post-2716","post","type-post","status-publish","format-standard","has-post-thumbnail","hentry","category-historia"],"_links":{"self":[{"href":"https:\/\/raizespentecostais.com.br\/index.php\/wp-json\/wp\/v2\/posts\/2716","targetHints":{"allow":["GET"]}}],"collection":[{"href":"https:\/\/raizespentecostais.com.br\/index.php\/wp-json\/wp\/v2\/posts"}],"about":[{"href":"https:\/\/raizespentecostais.com.br\/index.php\/wp-json\/wp\/v2\/types\/post"}],"author":[{"embeddable":true,"href":"https:\/\/raizespentecostais.com.br\/index.php\/wp-json\/wp\/v2\/users\/12"}],"replies":[{"embeddable":true,"href":"https:\/\/raizespentecostais.com.br\/index.php\/wp-json\/wp\/v2\/comments?post=2716"}],"version-history":[{"count":2,"href":"https:\/\/raizespentecostais.com.br\/index.php\/wp-json\/wp\/v2\/posts\/2716\/revisions"}],"predecessor-version":[{"id":3217,"href":"https:\/\/raizespentecostais.com.br\/index.php\/wp-json\/wp\/v2\/posts\/2716\/revisions\/3217"}],"wp:featuredmedia":[{"embeddable":true,"href":"https:\/\/raizespentecostais.com.br\/index.php\/wp-json\/wp\/v2\/media\/2718"}],"wp:attachment":[{"href":"https:\/\/raizespentecostais.com.br\/index.php\/wp-json\/wp\/v2\/media?parent=2716"}],"wp:term":[{"taxonomy":"category","embeddable":true,"href":"https:\/\/raizespentecostais.com.br\/index.php\/wp-json\/wp\/v2\/categories?post=2716"},{"taxonomy":"post_tag","embeddable":true,"href":"https:\/\/raizespentecostais.com.br\/index.php\/wp-json\/wp\/v2\/tags?post=2716"}],"curies":[{"name":"wp","href":"https:\/\/api.w.org\/{rel}","templated":true}]}}