{"id":2723,"date":"2025-05-06T14:46:21","date_gmt":"2025-05-06T14:46:21","guid":{"rendered":"https:\/\/raizespentecostais.com.br\/?p=2723"},"modified":"2025-11-06T16:32:25","modified_gmt":"2025-11-06T16:32:25","slug":"uma-geracao-ensinara-a-outra-as-tuas-obras","status":"publish","type":"post","link":"https:\/\/raizespentecostais.com.br\/index.php\/uma-geracao-ensinara-a-outra-as-tuas-obras\/","title":{"rendered":"Uma gera\u00e7\u00e3o ensinar\u00e1 a outra as tuas obras"},"content":{"rendered":"\t\t<div data-elementor-type=\"wp-post\" data-elementor-id=\"2723\" class=\"elementor elementor-2723\">\n\t\t\t\t<div class=\"elementor-element elementor-element-3fa42ab e-flex e-con-boxed e-con e-parent\" data-id=\"3fa42ab\" data-element_type=\"container\" data-e-type=\"container\">\n\t\t\t\t\t<div class=\"e-con-inner\">\n\t\t\t\t<div class=\"elementor-element elementor-element-2f4522d9 elementor-widget elementor-widget-text-editor\" data-id=\"2f4522d9\" data-element_type=\"widget\" data-e-type=\"widget\" data-widget_type=\"text-editor.default\">\n\t\t\t\t<div class=\"elementor-widget-container\">\n\t\t\t\t\t\t\t\t\t\n<div class=\"wp-block-group is-content-justification-right is-nowrap is-layout-flex wp-container-core-group-is-layout-3730b9a9 wp-block-group-is-layout-flex\">\n<p class=\"has-text-align-right\"><strong>Pr. Gunar Berg<\/strong> <sup class=\"fn\" data-fn=\"c3f58fb6-9898-46a6-84b6-05e8b34c5c27\"><a id=\"c3f58fb6-9898-46a6-84b6-05e8b34c5c27-link\" href=\"#c3f58fb6-9898-46a6-84b6-05e8b34c5c27\">1<\/a><\/sup><br \/><em>Superintendente da EETAD e Edi\u00e7\u00f5es Bernhard Johnson<\/em><\/p>\n\n<figure class=\"wp-block-gallery has-nested-images columns-default is-cropped wp-block-gallery-2 is-layout-flex wp-block-gallery-is-layout-flex\">\n<figure class=\"wp-block-image size-full is-resized\"><img decoding=\"async\" width=\"86\" height=\"86\" data-id=\"2274\" class=\"wp-image-2274\" style=\"width: 73px; height: auto;\" src=\"http:\/\/raizespentecostais.com.br\/wp-content\/uploads\/2024\/12\/30-mm-Pr.-Gunar-Berg.png\" alt=\"\" \/><\/figure>\n<\/figure>\n<\/div>\n\n<p>Houve um tempo em que todos os que trabalhavam neste minist\u00e9rio tinham mais anos de vida do que a EETAD de exist\u00eancia. Foi assim durante a sua primeira d\u00e9cada, e permaneceu desta mesma forma nos dez anos seguintes. Em seus primeiros vinte anos, a EETAD contou com o esfor\u00e7o de servos de Deus cujo tempo de vida era maior que o somado pela institui\u00e7\u00e3o. Transitavam por estes corredores, homens como o Reverendo Osmar Cabral, cuja amizade antiqu\u00edssima com as igrejas paranaenses rendeu \u00e0 EETAD os seus primeiros N\u00facleos. Habitavam as salas e escrit\u00f3rios, figuras cujos cabelos come\u00e7avam a agrisalhar, como o Pastor Antonio Gilberto, cuja pena j\u00e1 era madura o bastante para ensinar as doutrinas mais desafiadoras da B\u00edblia. Sustentaram esta obra com sua maestria, mulheres excelentes como Julie Gunderson e Mary Hoover. Nas secretarias, em trabalhos de expedi\u00e7\u00e3o e em rotinas administrativas, todos os obreiros eram experimentados, e cooperaram n\u00e3o somente executando o seu trabalho, mas, especialmente, criando os processos que formaram as bases da EETAD.<\/p>\n\n<p>Mesmo quando os colaboradores, professores, autores e funcion\u00e1rios eram mais velhos do que a pr\u00f3pria EETAD, ainda assim a faixa et\u00e1ria da equipe era variada. Nos prim\u00f3rdios de nossa hist\u00f3ria, estavam aqui, jovens despertados recentemente para o minist\u00e9rio crist\u00e3o, como a irm\u00e3 Elizabeth Kinas, entrevistada desta edi\u00e7\u00e3o comemorativa. Ela \u00e9 parte desta obra, atuando de tantas formas ao longo de tantos anos, desde a sua mocidade. Este tamb\u00e9m \u00e9 o caso da irm\u00e3 Regina M\u00e1rcia Domingues, de apenas treze anos quando se juntou \u00e0 EETAD, em 1980, um ano ap\u00f3s a funda\u00e7\u00e3o da Escola, e ainda hoje trabalha aqui! Isto me faz lembrar o Salmo 145.4:<\/p>\n\n<blockquote class=\"wp-block-quote is-layout-flow wp-block-quote-is-layout-flow\">\n<p>\u201c<em>Uma gera\u00e7\u00e3o louvar\u00e1 as tuas obras \u00e0 outra gera\u00e7\u00e3o, e, juntas, anunciar\u00e3o as tuas proezas.<\/em><em>\u201d<\/em>.<\/p>\n<\/blockquote>\n\n<p>Desde o primeiro dia de funcionamento, a EETAD operou exatamente assim. Neste conv\u00edvio santo, os que j\u00e1 eram her\u00f3is da f\u00e9 ensinaram e formaram a muito jovens. Na sua constitui\u00e7\u00e3o, a EETAD era de poucos anos, mas transbordava experi\u00eancia, pois teve os seus marcos estabelecidos pelos antigos, e, pelos antigos, ensinando aos mais jovens.<\/p>\n\n<p>Com o tempo cruzando nossos port\u00f5es, e a vida passando por n\u00f3s, logo os funcion\u00e1rios que se reuniram a este minist\u00e9rio j\u00e1 nem sempre eram mais vividos do que a EETAD. Assim, a rela\u00e7\u00e3o entre a idade dos trabalhadores desta seara e o tempo de atividade da Escola inverteu-se: hoje, a maioria dos que se esfor\u00e7am por esta causa tem menos tempo de vida do que a EETAD tem de minist\u00e9rio. A Escola tem quarenta e cinco anos, mas dois ter\u00e7os dos obreiros eetadianos t\u00eam menos do que trinta. E, novamente, me sobe ao cora\u00e7\u00e3o o Salmo 145.4, pois pelos mesmos corredores em que, h\u00e1 vinte anos, o Mission\u00e1rio Paul Porta declinava profundos ensinamentos b\u00edblicos, os mais novos trabalhadores da EETAD escutam os mesmos preceitos, agora pelos l\u00e1bios doutros veteranos.\u00a0<\/p>\n\n<p>Nas mesmas salas em que os pioneiros escritores de nossos Manuais praticavam a teologia que nos definiu como a melhor escola b\u00edblica do pa\u00eds, os mesmos ensinamentos repercutem e ressoam, comunicados por outros ensinadores aos jovens que ingressaram neste minist\u00e9rio. Na EETAD, as gera\u00e7\u00f5es mais antigas t\u00eam ensinado \u00e0s pr\u00f3ximas as obras do Senhor, e, juntas, ambas t\u00eam louvado a Deus, ano ap\u00f3s ano, d\u00e9cada ap\u00f3s d\u00e9cada, um jubileu depois do outro.<\/p>\n\n<p>O mesmo tempo romanesco que traz novos rostos, e com eles o renovo, \u00e9 cruel e leva para longe as doces fei\u00e7\u00f5es daqueles com quem longamente convivemos e de quem, todos os dias, aprendemos a respeito do Senhor. Se temos a honra de conviver com alguns daqueles que testemunharam os primeiros dias de exist\u00eancia da EETAD, j\u00e1 n\u00e3o podemos gozar a companhia do fundador, o Pastor Bernhard Johnson. Outro rosto que faz falta \u00e9 o de sua esposa, a mission\u00e1ria Doris Johnson. Ainda viva, o recesso de sua boa velhice \u00e9 passado no estado americano do Oregon, na companhia de filhos, netos e bisnetos. Os jovens recentemente chegados \u00e0 EETAD, por\u00e9m, j\u00e1 n\u00e3o puderam ouvi-la contar suas experi\u00eancias com Deus. O seu testemunho \u00e9 passado \u00e0s gera\u00e7\u00f5es que n\u00e3o a conheceram por aqueles que tiveram o prazer de sua companhia. O mesmo tempo que nos permite acumular datas e festas, nos faz juntar l\u00e1grimas e separa\u00e7\u00f5es.<\/p>\n\n<p>Pensando estas coisas, concluo que ao cabo de quarenta e cinco anos, a hist\u00f3ria da EETAD \u00e9 a melhor hist\u00f3ria, a mais completa. Ela tem chegadas e partidas, idas e vindas, perdas e ganhos, morte e vida, tal qual \u00e9 a hist\u00f3ria mais aut\u00eantica. No come\u00e7o, tudo \u00e9 novo e encantador, apesar das dores do crescimento. As primeiras d\u00e9cadas transpiram vi\u00e7o e encantamento, transbordam vitalidade. Aos quarenta e poucos, a realidade se imp\u00f5e, e certos inc\u00f4modos s\u00e3o inevit\u00e1veis. Mas em todas essas coisas a EETAD tem sido mais do que vencedora, em Cristo Jesus.<\/p>\n\n<p>Exatamente agora, eu quis olhar para frente e enxergar os pr\u00f3ximos cinco anos. Senti-me atra\u00eddo pela expectativa de um jubileu \u00e1ureo, entretanto, os olhos me foram levados \u00e0 outra vis\u00e3o, \u00e0 contempla\u00e7\u00e3o de que os jubileus s\u00e3o importantes, sim, mas somente enquanto houver raz\u00e3o para o j\u00fabilo. Se haver\u00e1 uma festa de cinquenta anos, cabe a Deus saber, pois tudo nos mostra que Cristo j\u00e1 volta, e isso dar\u00e1 fim ao nosso minist\u00e9rio terreno. Por\u00e9m, se esta data vier, \u00e9 imprescind\u00edvel ter algo que comemorar, algo pelo que louvar, um motivo real para agradecer, o que s\u00f3 acontecer\u00e1 se a gera\u00e7\u00e3o atual ensinar \u00e0 pr\u00f3xima as obras de Deus e, juntas, O louvarem por suas proezas.<\/p>\n<ol class=\"wp-block-footnotes has-small-font-size\"><li id=\"c3f58fb6-9898-46a6-84b6-05e8b34c5c27\"><strong>Gunar Berg de Andrade<\/strong>\u00a0\u00e9 historiador e formado em Teologia pelo Instituto B\u00edblico Pentecostal e pela Global University. De suas atividades destaca-se que \u00e9 coordenador acad\u00eamico da Escola e Faculdade de Educa\u00e7\u00e3o Teol\u00f3gica das Assembleias de Deus \u2013 EETAD e FAETAD, professor-fundador do Instituto B\u00edblico de Paul\u00ednia (SP) e professor-convidado de outros semin\u00e1rios. Seus artigos e reflex\u00f5es s\u00e3o publicados nos peri\u00f3dicos da Casa Publicadora das Assembleias de Deus \u2013 CPAD; al\u00e9m disso, mant\u00e9m um canal no YouTube (youtube.com\/c\/gunarberg). Ele \u00e9 co-autor e autor de outros 5 t\u00edtulos. Nascido em Diadema-SP, o pastor Gunar Berg e sua esposa Ana L\u00facia e suas duas heran\u00e7as, Estev\u00e3o (15) e Amy Beatrice (8), moram no interior do estado de S\u00e3o Paulo, e servem ao Senhor nas Assembleias de Deus.\u00a0 <a href=\"#c3f58fb6-9898-46a6-84b6-05e8b34c5c27-link\" aria-label=\"Ir para a refer\u00eancia 1 na nota de rodap\u00e9\">\u21a9\ufe0e<\/a><\/li><\/ol>\t\t\t\t\t\t\t\t<\/div>\n\t\t\t\t<\/div>\n\t\t\t\t\t<\/div>\n\t\t\t\t<\/div>\n\t\t\t\t<\/div>\n\t\t","protected":false},"excerpt":{"rendered":"<p>Pr. Gunar Berg 1Superintendente da EETAD e Edi\u00e7\u00f5es Bernhard Johnson Houve um tempo em que todos os que trabalhavam neste [&hellip;]<\/p>\n","protected":false},"author":10,"featured_media":2724,"comment_status":"open","ping_status":"open","sticky":false,"template":"","format":"standard","meta":{"site-sidebar-layout":"default","site-content-layout":"","ast-site-content-layout":"default","site-content-style":"default","site-sidebar-style":"default","ast-global-header-display":"","ast-banner-title-visibility":"","ast-main-header-display":"","ast-hfb-above-header-display":"","ast-hfb-below-header-display":"","ast-hfb-mobile-header-display":"","site-post-title":"","ast-breadcrumbs-content":"","ast-featured-img":"","footer-sml-layout":"","theme-transparent-header-meta":"","adv-header-id-meta":"","stick-header-meta":"","header-above-stick-meta":"","header-main-stick-meta":"","header-below-stick-meta":"","astra-migrate-meta-layouts":"default","ast-page-background-enabled":"default","ast-page-background-meta":{"desktop":{"background-color":"var(--ast-global-color-5)","background-image":"","background-repeat":"repeat","background-position":"center center","background-size":"auto","background-attachment":"scroll","background-type":"","background-media":"","overlay-type":"","overlay-color":"","overlay-opacity":"","overlay-gradient":""},"tablet":{"background-color":"","background-image":"","background-repeat":"repeat","background-position":"center center","background-size":"auto","background-attachment":"scroll","background-type":"","background-media":"","overlay-type":"","overlay-color":"","overlay-opacity":"","overlay-gradient":""},"mobile":{"background-color":"","background-image":"","background-repeat":"repeat","background-position":"center center","background-size":"auto","background-attachment":"scroll","background-type":"","background-media":"","overlay-type":"","overlay-color":"","overlay-opacity":"","overlay-gradient":""}},"ast-content-background-meta":{"desktop":{"background-color":"var(--ast-global-color-4)","background-image":"","background-repeat":"repeat","background-position":"center center","background-size":"auto","background-attachment":"scroll","background-type":"","background-media":"","overlay-type":"","overlay-color":"","overlay-opacity":"","overlay-gradient":""},"tablet":{"background-color":"var(--ast-global-color-4)","background-image":"","background-repeat":"repeat","background-position":"center center","background-size":"auto","background-attachment":"scroll","background-type":"","background-media":"","overlay-type":"","overlay-color":"","overlay-opacity":"","overlay-gradient":""},"mobile":{"background-color":"var(--ast-global-color-4)","background-image":"","background-repeat":"repeat","background-position":"center center","background-size":"auto","background-attachment":"scroll","background-type":"","background-media":"","overlay-type":"","overlay-color":"","overlay-opacity":"","overlay-gradient":""}},"footnotes":"[{\"content\":\"<strong>Gunar Berg de Andrade<\/strong>\u00a0\u00e9 historiador e formado em Teologia pelo Instituto B\u00edblico Pentecostal e pela Global University. De suas atividades destaca-se que \u00e9 coordenador acad\u00eamico da Escola e Faculdade de Educa\u00e7\u00e3o Teol\u00f3gica das Assembleias de Deus \u2013 EETAD e FAETAD, professor-fundador do Instituto B\u00edblico de Paul\u00ednia (SP) e professor-convidado de outros semin\u00e1rios. Seus artigos e reflex\u00f5es s\u00e3o publicados nos peri\u00f3dicos da Casa Publicadora das Assembleias de Deus \u2013 CPAD; al\u00e9m disso, mant\u00e9m um canal no YouTube (youtube.com\/c\/gunarberg). Ele \u00e9 co-autor e autor de outros 5 t\u00edtulos. Nascido em Diadema-SP, o pastor Gunar Berg e sua esposa Ana L\u00facia e suas duas heran\u00e7as, Estev\u00e3o (15) e Amy Beatrice (8), moram no interior do estado de S\u00e3o Paulo, e servem ao Senhor nas Assembleias de Deus.\u00a0\",\"id\":\"c3f58fb6-9898-46a6-84b6-05e8b34c5c27\"}]"},"categories":[10,17],"tags":[],"class_list":["post-2723","post","type-post","status-publish","format-standard","has-post-thumbnail","hentry","category-devocional","category-historia"],"_links":{"self":[{"href":"https:\/\/raizespentecostais.com.br\/index.php\/wp-json\/wp\/v2\/posts\/2723","targetHints":{"allow":["GET"]}}],"collection":[{"href":"https:\/\/raizespentecostais.com.br\/index.php\/wp-json\/wp\/v2\/posts"}],"about":[{"href":"https:\/\/raizespentecostais.com.br\/index.php\/wp-json\/wp\/v2\/types\/post"}],"author":[{"embeddable":true,"href":"https:\/\/raizespentecostais.com.br\/index.php\/wp-json\/wp\/v2\/users\/10"}],"replies":[{"embeddable":true,"href":"https:\/\/raizespentecostais.com.br\/index.php\/wp-json\/wp\/v2\/comments?post=2723"}],"version-history":[{"count":5,"href":"https:\/\/raizespentecostais.com.br\/index.php\/wp-json\/wp\/v2\/posts\/2723\/revisions"}],"predecessor-version":[{"id":3929,"href":"https:\/\/raizespentecostais.com.br\/index.php\/wp-json\/wp\/v2\/posts\/2723\/revisions\/3929"}],"wp:featuredmedia":[{"embeddable":true,"href":"https:\/\/raizespentecostais.com.br\/index.php\/wp-json\/wp\/v2\/media\/2724"}],"wp:attachment":[{"href":"https:\/\/raizespentecostais.com.br\/index.php\/wp-json\/wp\/v2\/media?parent=2723"}],"wp:term":[{"taxonomy":"category","embeddable":true,"href":"https:\/\/raizespentecostais.com.br\/index.php\/wp-json\/wp\/v2\/categories?post=2723"},{"taxonomy":"post_tag","embeddable":true,"href":"https:\/\/raizespentecostais.com.br\/index.php\/wp-json\/wp\/v2\/tags?post=2723"}],"curies":[{"name":"wp","href":"https:\/\/api.w.org\/{rel}","templated":true}]}}