{"id":2726,"date":"2025-05-06T14:53:46","date_gmt":"2025-05-06T14:53:46","guid":{"rendered":"https:\/\/raizespentecostais.com.br\/?p=2726"},"modified":"2025-11-06T16:30:32","modified_gmt":"2025-11-06T16:30:32","slug":"pre-tribulacionismo-mais-que-uma-disciplina-academica","status":"publish","type":"post","link":"https:\/\/raizespentecostais.com.br\/index.php\/pre-tribulacionismo-mais-que-uma-disciplina-academica\/","title":{"rendered":"Pr\u00e9-tribulacionismo: Mais que uma disciplina acad\u00eamica"},"content":{"rendered":"\t\t<div data-elementor-type=\"wp-post\" data-elementor-id=\"2726\" class=\"elementor elementor-2726\">\n\t\t\t\t<div class=\"elementor-element elementor-element-559fdcd0 e-flex e-con-boxed e-con e-parent\" data-id=\"559fdcd0\" data-element_type=\"container\" data-e-type=\"container\">\n\t\t\t\t\t<div class=\"e-con-inner\">\n\t\t\t\t<div class=\"elementor-element elementor-element-64fde794 elementor-widget elementor-widget-text-editor\" data-id=\"64fde794\" data-element_type=\"widget\" data-e-type=\"widget\" data-widget_type=\"text-editor.default\">\n\t\t\t\t<div class=\"elementor-widget-container\">\n\t\t\t\t\t\t\t\t\t\n<div class=\"wp-block-group is-content-justification-right is-nowrap is-layout-flex wp-container-core-group-is-layout-3730b9a9 wp-block-group-is-layout-flex\">\n<p class=\"has-text-align-right\"><strong>Pr. Gunar Berg <\/strong><sup class=\"fn\" data-fn=\"da69b4ce-b725-4a01-9bae-300ace32d1af\"><a id=\"da69b4ce-b725-4a01-9bae-300ace32d1af-link\" href=\"#da69b4ce-b725-4a01-9bae-300ace32d1af\">1<\/a><\/sup><br \/><em>Superintendente da EETAD e Edi\u00e7\u00f5es Bernhard Johnson<\/em><\/p>\n\n<figure class=\"wp-block-gallery has-nested-images columns-default is-cropped wp-block-gallery-2 is-layout-flex wp-block-gallery-is-layout-flex\">\n<figure class=\"wp-block-image size-full is-resized\"><img decoding=\"async\" width=\"86\" height=\"86\" data-id=\"2274\" class=\"wp-image-2274\" style=\"width: 73px; height: auto;\" src=\"http:\/\/raizespentecostais.com.br\/wp-content\/uploads\/2024\/12\/30-mm-Pr.-Gunar-Berg.png\" alt=\"\" \/><\/figure>\n<\/figure>\n<\/div>\n\n<p>O mau jornalismo se utiliza de um recurso ardiloso na propaga\u00e7\u00e3o dos ju\u00edzos que deseja promover, a \u201cc\u00e2mara de eco\u201d. Trata-se da repeti\u00e7\u00e3o de determinadas f\u00f3rmulas, senten\u00e7as espec\u00edficas ou express\u00f5es recorrentes que, repetidas por todos os integrantes de um cons\u00f3rcio, s\u00e3o rapidamente assimiladas pela maior parte da popula\u00e7\u00e3o. Sem filtros e senso cr\u00edtico, a audi\u00eancia destes ve\u00edculos agrega aos seus valores tudo quanto ressoa na c\u00e2mara de eco; afinal, se tantas empresas jornal\u00edsticas, concorrentes entre si, d\u00e3o repercuss\u00e3o \u00e0 mesma not\u00edcia sem desmentidos, deve ser verdade.<\/p>\n\n<p>A teologia sofre com as especula\u00e7\u00f5es em rec\u00e2maras desde sempre. Ainda no primeiro s\u00e9culo, a Igreja Apost\u00f3lica necessitou lutar contra o gnosticismo em todas as frentes geogr\u00e1ficas da expans\u00e3o do Caminho. As igrejas da \u00c1sia Menor eram alvos preferenciais dos pregadores da gnose, mas os crentes da Acaia e da Maced\u00f4nia n\u00e3o estavam livres de suas abordagens. O s\u00e9culo quinto foi outro momento de resson\u00e2ncias her\u00e9ticas. Certo bispo africano chamado Aur\u00e9lio Agostinho, servindo-se do neoplatonismo, come\u00e7ou a pregar algo que os pais da igreja anteriores a si jamais ensinaram. Ali\u00e1s, os patr\u00edsticos e os ap\u00f3stolos nunca afirmaram a predestina\u00e7\u00e3o, pois esta n\u00e3o \u00e9 uma doutrina b\u00edblica. Mesmo assim, esta heresia ainda faz eco nos rec\u00f4nditos teol\u00f3gicos.<\/p>\n\n<p>A lista de controv\u00e9rsias doutrin\u00e1rias \u00e9 quase intermin\u00e1vel. Constam nela o argumento anti-trinitariano, os erros quanto as duas naturezas de Cristo, a mariolatria, a iconoclastia, a simonia, a transubstancia\u00e7\u00e3o e a consubstancia\u00e7\u00e3o, e segue a criatividade err\u00e1tica. Estes enganos arrastaram a milh\u00f5es, pois a sua repeti\u00e7\u00e3o sistem\u00e1tica por dezenas de te\u00f3logos proeminentes e de diferentes denomina\u00e7\u00f5es e regi\u00f5es os fizeram ganhar \u00e1urea de verdade, chancela de doutrina.<\/p>\n\n<p>Se nos s\u00e9culos passados as c\u00e2maras de eco da teologia resumiam-se \u00e0s celas dos mosteiros, \u00e0s bibliotecas pouco frequentadas, ou aos p\u00falpitos sem concorr\u00eancia, desde a reviravolta cultural ocasionada pela prensa tipogr\u00e1fica de Johannes Gutenberg, as c\u00e2maras de eco tornaram-se mais abstratas e amplas, mas sem grandes mudan\u00e7as, at\u00e9 o advento das redes sociais. N\u00e3o h\u00e1 d\u00favidas de que o acesso \u00e0s redes \u00e9 universal, e cada perfil pode tornar-se um p\u00falpito acompanhado por milh\u00f5es, uma c\u00e1tedra de alcance inestim\u00e1vel. Contudo, a tend\u00eancia \u00e0 reprodu\u00e7\u00e3o dos erros \u00e9 absurdamente superior \u00e0 proclama\u00e7\u00e3o da verdade, pois \u00e9 assim que a humanidade escolheu viver.<\/p>\n\n<p>Longe de significar, por\u00e9m, que as redes sociais devam ser monitoradas ou censuradas, a multiplica\u00e7\u00e3o das heresias nos perfis dos falsos profetas e seus seguidores deve fazer com que nos identifiquemos como os sinceros da f\u00e9: \u201cE at\u00e9 importa que haja entre v\u00f3s heresias, para que os que s\u00e3o sinceros se manifestem entre v\u00f3s\u201d (1Co 11.19).<\/p>\n\n<p>Na \u00faltima d\u00e9cada, algumas heresias reavivaram-se na internet. Como vagas incontrol\u00e1veis em alto mar, a mentira, mais instagram\u00e1vel que a verdade, lan\u00e7ou-se contra o rochedo das Escrituras. A sua arrebenta\u00e7\u00e3o foi barulhenta, mas em nada amea\u00e7ou a Palavra. Mesmo assim, as hordas de tolos arrastados pela mar\u00e9 foram numerosas. Na \u00faltima d\u00e9cada, revivemos o S\u00ednodo de Dort em sua vers\u00e3o on-line, e os intermin\u00e1veis debates entre calvinistas e arminianos vitimaram jovens pentecostais sem convic\u00e7\u00e3o b\u00edblica, arrastando-os ao que imaginavam ser erudi\u00e7\u00e3o b\u00edblica, mas que n\u00e3o passava de perfumaria her\u00e9tica.<\/p>\n\n<p>Em seguida, os cessacionistas negaram frontalmente a atualidade dos dons espirituais, e novamente os tolos (inclusive n\u00e3o poucos de igrejas pentecostais) sequer demonstraram inc\u00f4modo; muito pelo contr\u00e1rio, diversos passaram a defender a ordena\u00e7\u00e3o de obreiros n\u00e3o batizados com o Esp\u00edrito Santo! Agora \u00e9 a vez do arrebatamento.<\/p>\n\n<p>A doutrina do arrebatamento pr\u00e9-tribulacionista n\u00e3o \u00e9 uma quest\u00e3o de tradi\u00e7\u00e3o ou pertencimento denominacional, mas uma convic\u00e7\u00e3o firmemente enraizada nas Sagradas Escrituras. Passagens b\u00edblicas como 1 Tessalonicenses 4.16-17 e Apocalipse 3.10 evidenciam que Deus designou um momento espec\u00edfico e imprevisto para a Igreja ser retirada da terra, e isto ser\u00e1 antes que o caos da Grande Tribula\u00e7\u00e3o se desenrole. Essa interpreta\u00e7\u00e3o ressoa a natureza amorosa e redentora de Deus, que n\u00e3o deseja que os salvos enfrentem a ira vindoura. Assim, o pr\u00e9-tribulacionismo emerge como verdade b\u00edblica forte e ineg\u00e1vel, expondo a bondade de Deus.<\/p>\n\n<p>O ensino do pr\u00e9-tribulacionismo \u00e9 uma prerrogativa fundamental para a sa\u00fade teol\u00f3gica da Igreja. Enquanto a confus\u00e3o da multiplica\u00e7\u00e3o de heresias faz ecoar os enganos capazes de enganar aos incautos, a certeza do arrebatamento pr\u00e9-tribulacionista \u00e9 sinal de que a Igreja se mant\u00e9m firme sobre a Rocha. O arrebatamento pr\u00e9-tribulacionista \u00e9 a doutrina do consolo, da esperan\u00e7a e seguran\u00e7a.<\/p>\n\n<p>Vejamos a l\u00e1stima em que se encontra a teologia geral no Brasil: nas redes sociais, as tr\u00eas vozes mais escutadas quanto \u00e0 doutrina das \u00faltimas coisas s\u00e3o a de um calvinista, um sabatista e um ex-pentecostal! E o que eles ensinam? Dentre outros enganos, que o arrebatamento pr\u00e9-tribulacionista da igreja \u00e9 uma doutrina inexistente nas Escrituras, sem fundamento b\u00edblico e sem lastro hist\u00f3rico. Qual \u00e9 o resultado disto nas mentes dos que navegam as redes sociais? Desconfiar da clareza doutrin\u00e1ria da escatologia b\u00edblica ensinada em nossas igrejas, explicitada nos Manuais da EETAD, esposadas pelos pentecostais.\u00a0<\/p>\n\n<p>Mas o pior dos efeitos, parece-me, est\u00e1 exatamente entre os que ainda defendem o arrebatamento pr\u00e9-tribulacionista, como resultado de uma tradi\u00e7\u00e3o, de uma linha teol\u00f3gica ou de uma denomina\u00e7\u00e3o. Esta \u00e9, sem d\u00favida, a pior forma de sustenta\u00e7\u00e3o doutrin\u00e1ria que h\u00e1. Afinal, eu n\u00e3o creio no arrebatamento iminente e anterior \u00e0 Grande Tribula\u00e7\u00e3o porque sou pentecostal ou assembleiano. Eu sou pentecostal e creio no pr\u00e9-tribulacionaismo porque estas confiss\u00f5es s\u00e3o b\u00edblicas, e no dia em que minha igreja se desviar deste ensino, eu me manterei fiel \u00e0s Escrituras, e n\u00e3o \u00e0s tradi\u00e7\u00f5es.<\/p>\n\n<p>_____<\/p>\n<ol class=\"wp-block-footnotes has-small-font-size\"><li id=\"da69b4ce-b725-4a01-9bae-300ace32d1af\"><strong>Gunar Berg de Andrade<\/strong>\u00a0\u00e9 historiador e formado em Teologia pelo Instituto B\u00edblico Pentecostal e pela Global University. De suas atividades destaca-se que \u00e9 coordenador acad\u00eamico da Escola e Faculdade de Educa\u00e7\u00e3o Teol\u00f3gica das Assembleias de Deus \u2013 EETAD e FAETAD, professor-fundador do Instituto B\u00edblico de Paul\u00ednia (SP) e professor-convidado de outros semin\u00e1rios. Seus artigos e reflex\u00f5es s\u00e3o publicados nos peri\u00f3dicos da Casa Publicadora das Assembleias de Deus \u2013 CPAD; al\u00e9m disso, mant\u00e9m um canal no YouTube (youtube.com\/c\/gunarberg). Ele \u00e9 co-autor e autor de outros 5 t\u00edtulos. Nascido em Diadema-SP, o pastor Gunar Berg e sua esposa Ana L\u00facia e suas duas heran\u00e7as, Estev\u00e3o (15) e Amy Beatrice (8), moram no interior do estado de S\u00e3o Paulo, e servem ao Senhor nas Assembleias de Deus.\u00a0 <a href=\"#da69b4ce-b725-4a01-9bae-300ace32d1af-link\" aria-label=\"Ir para a refer\u00eancia 1 na nota de rodap\u00e9\">\u21a9\ufe0e<\/a><\/li><\/ol>\t\t\t\t\t\t\t\t<\/div>\n\t\t\t\t<\/div>\n\t\t\t\t\t<\/div>\n\t\t\t\t<\/div>\n\t\t\t\t<\/div>\n\t\t","protected":false},"excerpt":{"rendered":"<p>Pr. Gunar Berg 1Superintendente da EETAD e Edi\u00e7\u00f5es Bernhard Johnson O mau jornalismo se utiliza de um recurso ardiloso na [&hellip;]<\/p>\n","protected":false},"author":10,"featured_media":2727,"comment_status":"open","ping_status":"open","sticky":false,"template":"","format":"standard","meta":{"site-sidebar-layout":"default","site-content-layout":"","ast-site-content-layout":"default","site-content-style":"default","site-sidebar-style":"default","ast-global-header-display":"","ast-banner-title-visibility":"","ast-main-header-display":"","ast-hfb-above-header-display":"","ast-hfb-below-header-display":"","ast-hfb-mobile-header-display":"","site-post-title":"","ast-breadcrumbs-content":"","ast-featured-img":"","footer-sml-layout":"","theme-transparent-header-meta":"","adv-header-id-meta":"","stick-header-meta":"","header-above-stick-meta":"","header-main-stick-meta":"","header-below-stick-meta":"","astra-migrate-meta-layouts":"default","ast-page-background-enabled":"default","ast-page-background-meta":{"desktop":{"background-color":"var(--ast-global-color-5)","background-image":"","background-repeat":"repeat","background-position":"center center","background-size":"auto","background-attachment":"scroll","background-type":"","background-media":"","overlay-type":"","overlay-color":"","overlay-opacity":"","overlay-gradient":""},"tablet":{"background-color":"","background-image":"","background-repeat":"repeat","background-position":"center center","background-size":"auto","background-attachment":"scroll","background-type":"","background-media":"","overlay-type":"","overlay-color":"","overlay-opacity":"","overlay-gradient":""},"mobile":{"background-color":"","background-image":"","background-repeat":"repeat","background-position":"center center","background-size":"auto","background-attachment":"scroll","background-type":"","background-media":"","overlay-type":"","overlay-color":"","overlay-opacity":"","overlay-gradient":""}},"ast-content-background-meta":{"desktop":{"background-color":"var(--ast-global-color-4)","background-image":"","background-repeat":"repeat","background-position":"center center","background-size":"auto","background-attachment":"scroll","background-type":"","background-media":"","overlay-type":"","overlay-color":"","overlay-opacity":"","overlay-gradient":""},"tablet":{"background-color":"var(--ast-global-color-4)","background-image":"","background-repeat":"repeat","background-position":"center center","background-size":"auto","background-attachment":"scroll","background-type":"","background-media":"","overlay-type":"","overlay-color":"","overlay-opacity":"","overlay-gradient":""},"mobile":{"background-color":"var(--ast-global-color-4)","background-image":"","background-repeat":"repeat","background-position":"center center","background-size":"auto","background-attachment":"scroll","background-type":"","background-media":"","overlay-type":"","overlay-color":"","overlay-opacity":"","overlay-gradient":""}},"footnotes":"[{\"content\":\"<strong>Gunar Berg de Andrade<\/strong>\u00a0\u00e9 historiador e formado em Teologia pelo Instituto B\u00edblico Pentecostal e pela Global University. De suas atividades destaca-se que \u00e9 coordenador acad\u00eamico da Escola e Faculdade de Educa\u00e7\u00e3o Teol\u00f3gica das Assembleias de Deus \u2013 EETAD e FAETAD, professor-fundador do Instituto B\u00edblico de Paul\u00ednia (SP) e professor-convidado de outros semin\u00e1rios. Seus artigos e reflex\u00f5es s\u00e3o publicados nos peri\u00f3dicos da Casa Publicadora das Assembleias de Deus \u2013 CPAD; al\u00e9m disso, mant\u00e9m um canal no YouTube (youtube.com\/c\/gunarberg). Ele \u00e9 co-autor e autor de outros 5 t\u00edtulos. Nascido em Diadema-SP, o pastor Gunar Berg e sua esposa Ana L\u00facia e suas duas heran\u00e7as, Estev\u00e3o (15) e Amy Beatrice (8), moram no interior do estado de S\u00e3o Paulo, e servem ao Senhor nas Assembleias de Deus.\u00a0\",\"id\":\"da69b4ce-b725-4a01-9bae-300ace32d1af\"}]"},"categories":[36],"tags":[],"class_list":["post-2726","post","type-post","status-publish","format-standard","has-post-thumbnail","hentry","category-escatologia-categorias"],"_links":{"self":[{"href":"https:\/\/raizespentecostais.com.br\/index.php\/wp-json\/wp\/v2\/posts\/2726","targetHints":{"allow":["GET"]}}],"collection":[{"href":"https:\/\/raizespentecostais.com.br\/index.php\/wp-json\/wp\/v2\/posts"}],"about":[{"href":"https:\/\/raizespentecostais.com.br\/index.php\/wp-json\/wp\/v2\/types\/post"}],"author":[{"embeddable":true,"href":"https:\/\/raizespentecostais.com.br\/index.php\/wp-json\/wp\/v2\/users\/10"}],"replies":[{"embeddable":true,"href":"https:\/\/raizespentecostais.com.br\/index.php\/wp-json\/wp\/v2\/comments?post=2726"}],"version-history":[{"count":5,"href":"https:\/\/raizespentecostais.com.br\/index.php\/wp-json\/wp\/v2\/posts\/2726\/revisions"}],"predecessor-version":[{"id":3926,"href":"https:\/\/raizespentecostais.com.br\/index.php\/wp-json\/wp\/v2\/posts\/2726\/revisions\/3926"}],"wp:featuredmedia":[{"embeddable":true,"href":"https:\/\/raizespentecostais.com.br\/index.php\/wp-json\/wp\/v2\/media\/2727"}],"wp:attachment":[{"href":"https:\/\/raizespentecostais.com.br\/index.php\/wp-json\/wp\/v2\/media?parent=2726"}],"wp:term":[{"taxonomy":"category","embeddable":true,"href":"https:\/\/raizespentecostais.com.br\/index.php\/wp-json\/wp\/v2\/categories?post=2726"},{"taxonomy":"post_tag","embeddable":true,"href":"https:\/\/raizespentecostais.com.br\/index.php\/wp-json\/wp\/v2\/tags?post=2726"}],"curies":[{"name":"wp","href":"https:\/\/api.w.org\/{rel}","templated":true}]}}