{"id":2735,"date":"2025-05-06T17:06:46","date_gmt":"2025-05-06T17:06:46","guid":{"rendered":"https:\/\/raizespentecostais.com.br\/?p=2735"},"modified":"2025-10-20T19:26:00","modified_gmt":"2025-10-20T19:26:00","slug":"a-harpa-crista-canta-a-doutrina-da-volta-de-jesus","status":"publish","type":"post","link":"https:\/\/raizespentecostais.com.br\/index.php\/a-harpa-crista-canta-a-doutrina-da-volta-de-jesus\/","title":{"rendered":"A harpa crist\u00e3 canta a doutrina da volta de Jesus"},"content":{"rendered":"\n<div class=\"wp-block-group is-content-justification-right is-nowrap is-layout-flex wp-container-core-group-is-layout-17124a9a wp-block-group-is-layout-flex\">\n<p class=\"has-text-align-right\"><strong>Por Prof\u00aa Marta Doreto de Andrade <\/strong><sup data-fn=\"1436d548-4bea-45a1-9471-76a590212f55\" class=\"fn\"><a href=\"#1436d548-4bea-45a1-9471-76a590212f55\" id=\"1436d548-4bea-45a1-9471-76a590212f55-link\">1<\/a><\/sup><strong> <\/strong><br><em>Professora da EETAD, autora da Edi\u00e7\u00f5es Bernhard Johnson<\/em><\/p>\n\n\n\n<figure class=\"wp-block-image size-full\"><img decoding=\"async\" width=\"86\" height=\"86\" src=\"http:\/\/raizespentecostais.com.br\/wp-content\/uploads\/2025\/05\/30-mm-Prof.-Marta-Doreto-de-Andrade.png\" alt=\"\" class=\"wp-image-2736\"\/><\/figure>\n<\/div>\n\n\n\n<div style=\"height:60px\" aria-hidden=\"true\" class=\"wp-block-spacer\"><\/div>\n\n\n\n<p class=\"has-drop-cap\">Em uma de suas eloquentes prega\u00e7\u00f5es, o mission\u00e1rio Bernhard Johnson relata algo que me vem \u00e0 mente, ao cantar hinos que expressam anelo pelo c\u00e9u, como \u00e9 o caso do 36 da Harpa Crist\u00e3. Ele conta que uma idosa, ao testemunhar num culto p\u00fablico, declarou: \u201cTenho 93 anos e hoje \u00e9 o meu anivers\u00e1rio. Eu amo Jesus, amo-o tanto que sinto saudade do c\u00e9u\u201d. Um presb\u00edtero, sentado ao lado do Pastor Bernhard, cochichou-lhe: \u201cA doutrina dela est\u00e1 errada. Como pode sentir saudade do c\u00e9u, se nunca foi l\u00e1?\u201d Ao que o Mission\u00e1rio replicou: \u201cA sua \u00e9 que est\u00e1 errada. Quando ela se entregou ao Filho de Deus, foi transportada aos lugares celestiais em Cristo Jesus\u201d.&nbsp;<\/p>\n\n\n\n<p>E a prega\u00e7\u00e3o do Pastor Bernhard Johnson segue explicando que somos cidad\u00e3os do c\u00e9u, o lugar que Jesus foi preparar-nos, e que se acha t\u00e3o bem descrito na B\u00edblia, que \u00e9-nos poss\u00edvel conhec\u00ea-lo e desej\u00e1-lo com um anelo t\u00e3o ardente, que s\u00f3 pode ser expresso como \u201csaudade do c\u00e9u\u201d.<\/p>\n\n\n\n<p>Eu compreendo bem o sentimento daquela anci\u00e3 e compartilho dele. H\u00e1 dias em que sinto um anseio t\u00e3o grande pelo c\u00e9u \u2013 \u00e0s vezes, por inundar-me a alegria da presen\u00e7a de Deus, outras, por angustiar-me a maldade deste mundo. Dentre os hinos da Harpa Crist\u00e3 que proclamam a volta de Cristo e exprimem desejo de estar com Ele na gl\u00f3ria, h\u00e1 duas frases que me ajudam a expressar meu anelo pelo c\u00e9u. A primeira, do hino 346, eu canto quando o meu cansa\u00e7o \u00e9 do tamanho da fila de trabalho que ainda tenho pela frente: \u201cL\u00e1 no c\u00e9\u00e9\u00e9u, eu descansareeeei!\u201d. E quando as lutas parecem n\u00e3o ter fim, eu canto: \u201cS\u00e3o s\u00f3\u00f3\u00f3\u00f3 at\u00e9 Jesus voltar\u201d, do hino 53.<\/p>\n\n\n\n<p>Decerto foi um sentimento assim que inspirou Justus Nelson a escrever o bel\u00edssimo hino \u201cO Exilado\u201d, n\u00famero 36 da Harpa Crist\u00e3, com a m\u00fasica de uma can\u00e7\u00e3o de Stephen Collins Foster (1826-1864). A composi\u00e7\u00e3o original canta a nostalgia que os escravos africanos, trazidos \u00e0 Am\u00e9rica, nutriam por sua p\u00e1tria e seus velhos pais que l\u00e1 ficaram. Da\u00ed, n\u00e3o \u00e9 dif\u00edcil compreender por que a poesia de Justus coube t\u00e3o bem \u00e0 melodia de Foster.<\/p>\n\n\n\n<p>Contudo, sentimentos n\u00e3o embasam doutrina. Para afirmarmos que o hino \u201cO Exilado\u201d \u00e9 doutrinariamente correto, havemos de compar\u00e1-lo \u00e0s Sagradas Escrituras. Apreciemos, pois, cada estrofe:<\/p>\n\n\n\n<blockquote class=\"wp-block-quote is-layout-flow wp-block-quote-is-layout-flow\">\n<p><em>Da linda p\u00e1tria estou bem longe;<\/em><\/p>\n\n\n\n<p><em>Cansado estou.<\/em><\/p>\n\n\n\n<p><em>Eu tenho de Jesus saudade,<\/em><\/p>\n\n\n\n<p><em>Oh, quando \u00e9 que eu vou?<\/em><\/p>\n<\/blockquote>\n\n\n\n<p>Claramente, o autor expressa o mesmo sentimento do ap\u00f3stolo Paulo, quando este escreveu&nbsp; aos filipenses: \u201cMas a nossa cidade est\u00e1 nos c\u00e9us, de onde tamb\u00e9m esperamos o Salvador, o Senhor Jesus Cristo\u201d (Fp 3.20).<\/p>\n\n\n\n<blockquote class=\"wp-block-quote is-layout-flow wp-block-quote-is-layout-flow\">\n<p><em>Passarinhos, belas flores&nbsp;<\/em><\/p>\n\n\n\n<p><em>Querem me encantar;<\/em><\/p>\n\n\n\n<p><em>S\u00e3o v\u00e3os terrestres esplendores,<\/em><\/p>\n\n\n\n<p><em>Mas contemplo o meu lar.<\/em><\/p>\n<\/blockquote>\n\n\n\n<p>As belezas e prazeres terrenos, ainda que l\u00edcitos e concedidos pela bondade do Senhor, perdem o encanto quando elevamos o olhar ao Lar celestial. \u201cN\u00e3o atentando n\u00f3s nas coisas que se v\u00eaem, mas nas que se n\u00e3o veem; porque as que se v\u00eaem s\u00e3o temporais, e as que se n\u00e3o v\u00eaem s\u00e3o eternas\u201d (2Co 4.18). Justus Nelson sabia que \u201cas coisas que o olho n\u00e3o viu, e o ouvido n\u00e3o ouviu, e n\u00e3o subiram ao cora\u00e7\u00e3o do homem, s\u00e3o as que Deus preparou para os que o amam\u201d (1Co 2.9). Nisso embasava-se a sua inspira\u00e7\u00e3o.<\/p>\n\n\n\n<blockquote class=\"wp-block-quote is-layout-flow wp-block-quote-is-layout-flow\">\n<p><em>Jesus me deu a Sua promessa;&nbsp;<\/em><\/p>\n\n\n\n<p><em>Me vem buscar.<\/em><\/p>\n\n\n\n<p><em>Meu cora\u00e7\u00e3o est\u00e1 com pressa,<\/em><\/p>\n\n\n\n<p><em>Eu quero j\u00e1 voar.<\/em><\/p>\n<\/blockquote>\n\n\n\n<p>O poeta&nbsp; fundamenta a sua certeza do c\u00e9u na&nbsp; garantia da volta de Jesus, fartamente repetida na B\u00edblia.&nbsp; Tomemos como exemplo esta promessa, feita pelo pr\u00f3prio Senhor, de voltar e levar-nos consigo: \u201cVirei outra vez, e vos levarei para mim mesmo, para que onde eu estiver estejais v\u00f3s tamb\u00e9m\u201d (Jo 14.3).<\/p>\n\n\n\n<blockquote class=\"wp-block-quote is-layout-flow wp-block-quote-is-layout-flow\">\n<p><em>Meus pecados foram muitos,<\/em><\/p>\n\n\n\n<p><em>Mui culpado sou.<\/em><\/p>\n\n\n\n<p><em>Por\u00e9m, Seu sangue p\u00f5e-me limpo;<\/em><\/p>\n\n\n\n<p><em>Eu para p\u00e1tria vou.<\/em><\/p>\n<\/blockquote>\n\n\n\n<p>Embora reconhecendo a multid\u00e3o dos seus pecados, o que garante ao compositor \u2013 e a n\u00f3s tamb\u00e9m \u2013 a admiss\u00e3o por Deus&nbsp; na p\u00e1tria celestial \u00e9 que \u201co sangue de Jesus Cristo, seu Filho, nos purifica de todo o pecado\u201d (1 Jo 1.7).<\/p>\n\n\n\n<blockquote class=\"wp-block-quote is-layout-flow wp-block-quote-is-layout-flow\">\n<p><em>Qual filho de seu lar saudoso,<\/em><\/p>\n\n\n\n<p><em>Eu quero ir.<\/em><\/p>\n\n\n\n<p><em>Qual passarinho para o ninho,<\/em><\/p>\n\n\n\n<p><em>Pra os bra\u00e7os Seus fugir.<\/em><\/p>\n<\/blockquote>\n\n\n\n<p>Semelhante \u201cdesejo de partir, e estar com Cristo, porque isto \u00e9 ainda muito melhor\u201d foi manifesto pelo ap\u00f3stolo Paulo (Fp 1.23).<\/p>\n\n\n\n<blockquote class=\"wp-block-quote is-layout-flow wp-block-quote-is-layout-flow\">\n<p><em>\u00c9 fiel, Sua vinda \u00e9 certa.<\/em><\/p>\n\n\n\n<p><em>Quando? Eu n\u00e3o sei.<\/em><\/p>\n\n\n\n<p><em>Mas Ele manda estar alerta;<\/em><\/p>\n\n\n\n<p><em>Do ex\u00edlio voltarei.<\/em><\/p>\n<\/blockquote>\n\n\n\n<p>A data do arrebatamento n\u00e3o foi revelada nem ao poeta nem a qualquer de n\u00f3s. Portanto, \u00e9 imprescind\u00edvel a vigil\u00e2ncia recomendada por Cristo, a fim de n\u00e3o sermos deixados para tr\u00e1s. \u201cVigiai, pois, porque n\u00e3o sabeis o dia nem a hora em que o Filho do homem h\u00e1 de vir\u201d (Mt 25.13).<\/p>\n\n\n\n<blockquote class=\"wp-block-quote is-layout-flow wp-block-quote-is-layout-flow\">\n<p><em>Sua vinda aguardo eu cantando;<\/em><\/p>\n\n\n\n<p><em>Meu lar no c\u00e9u.<\/em><\/p>\n\n\n\n<p><em>Seus passos hei de ouvir soando,<\/em><\/p>\n\n\n\n<p><em>Al\u00e9m do escuro v\u00e9u.<\/em><\/p>\n<\/blockquote>\n\n\n\n<p>T\u00e3o belos versos n\u00e3o s\u00e3o fruto unicamente da alma po\u00e9tica de Justus Nelson, mas de um profundo conhecimento b\u00edblico. \u00c9 imposs\u00edvel cantarmos as palavras acima sem que nos venha \u00e0 mente Hebreus 6.18-20: \u201c&#8230; tenhamos a firme consola\u00e7\u00e3o, n\u00f3s, os que pomos o nosso ref\u00fagio em reter a esperan\u00e7a proposta; a qual temos como \u00e2ncora da alma, segura e firme, e que penetra at\u00e9 ao interior do v\u00e9u, onde Jesus, nosso precursor, entrou por n\u00f3s, feito eternamente sumo sacerdote, segundo a ordem de Melquisedeque\u201d. Aleluia!<\/p>\n\n\n\n<p>E a\u00ed vem a repeti\u00e7\u00e3o de que os deleites terrenos s\u00e3o ef\u00eameros aos que contemplamos a gl\u00f3ria do porvir:<\/p>\n\n\n\n<blockquote class=\"wp-block-quote is-layout-flow wp-block-quote-is-layout-flow\">\n<p><em>Passarinhos, belas flores<\/em><\/p>\n\n\n\n<p><em>Querem me encantar.<\/em><\/p>\n\n\n\n<p><em>S\u00e3o v\u00e3os terrestres esplendores,<\/em><\/p>\n\n\n\n<p><em>Mas contemplo o meu lar.<\/em><\/p>\n<\/blockquote>\n\n\n\n<p>Sim, a Harpa canta as Sagradas Escrituras.<\/p>\n\n\n<ol class=\"wp-block-footnotes has-small-font-size\"><li id=\"1436d548-4bea-45a1-9471-76a590212f55\">Marta Doreto de Andrade \u00e9 autora de v\u00e1rias obras, para adultos, jovens e crian\u00e7as. Quem n\u00e3o se lembra com saudades de seu primeiro livro, &#8220;<em>Thais a Bela do \u00c9den<\/em>&#8220;? Quantas crian\u00e7as n\u00e3o leram &#8220;<em>O Evangelho para a Garotada<\/em>&#8220;? A autora atuou como professora-evangelista por mais de quarenta anos, n\u00e3o apenas lecionando, mas escrevendo livros e comentando revistas de Escola Dominical para crian\u00e7as e adolescentes. Ultimamente, vem se dedicando a escrever para as mulheres. Duas de suas obras mais queridas s\u00e3o &#8220;<em>Quando o Amado Desce ao Jardim<\/em>&#8221; e &#8220;<em>Mulheres que Ouviram a Voz de Deus<\/em>&#8220;. A irm\u00e3 Marta \u00e9 esposa do Pastor Claudionor de Andrade, m\u00e3e do Pastor Gunar Berg e da autora Karen Bandeira, e av\u00f3 de quatro netos, servos do Deus vivo. <a href=\"#1436d548-4bea-45a1-9471-76a590212f55-link\" aria-label=\"Ir para a refer\u00eancia 1 na nota de rodap\u00e9\">\u21a9\ufe0e<\/a><\/li><\/ol>","protected":false},"excerpt":{"rendered":"<p>Por Prof\u00aa Marta Doreto de Andrade Professora da EETAD, autora da Edi\u00e7\u00f5es Bernhard Johnson Em uma de suas eloquentes prega\u00e7\u00f5es, [&hellip;]<\/p>\n","protected":false},"author":15,"featured_media":2737,"comment_status":"open","ping_status":"open","sticky":false,"template":"","format":"standard","meta":{"site-sidebar-layout":"default","site-content-layout":"","ast-site-content-layout":"default","site-content-style":"default","site-sidebar-style":"default","ast-global-header-display":"","ast-banner-title-visibility":"","ast-main-header-display":"","ast-hfb-above-header-display":"","ast-hfb-below-header-display":"","ast-hfb-mobile-header-display":"","site-post-title":"","ast-breadcrumbs-content":"","ast-featured-img":"","footer-sml-layout":"","theme-transparent-header-meta":"","adv-header-id-meta":"","stick-header-meta":"","header-above-stick-meta":"","header-main-stick-meta":"","header-below-stick-meta":"","astra-migrate-meta-layouts":"default","ast-page-background-enabled":"default","ast-page-background-meta":{"desktop":{"background-color":"var(--ast-global-color-5)","background-image":"","background-repeat":"repeat","background-position":"center center","background-size":"auto","background-attachment":"scroll","background-type":"","background-media":"","overlay-type":"","overlay-color":"","overlay-opacity":"","overlay-gradient":""},"tablet":{"background-color":"","background-image":"","background-repeat":"repeat","background-position":"center center","background-size":"auto","background-attachment":"scroll","background-type":"","background-media":"","overlay-type":"","overlay-color":"","overlay-opacity":"","overlay-gradient":""},"mobile":{"background-color":"","background-image":"","background-repeat":"repeat","background-position":"center center","background-size":"auto","background-attachment":"scroll","background-type":"","background-media":"","overlay-type":"","overlay-color":"","overlay-opacity":"","overlay-gradient":""}},"ast-content-background-meta":{"desktop":{"background-color":"var(--ast-global-color-4)","background-image":"","background-repeat":"repeat","background-position":"center center","background-size":"auto","background-attachment":"scroll","background-type":"","background-media":"","overlay-type":"","overlay-color":"","overlay-opacity":"","overlay-gradient":""},"tablet":{"background-color":"var(--ast-global-color-4)","background-image":"","background-repeat":"repeat","background-position":"center center","background-size":"auto","background-attachment":"scroll","background-type":"","background-media":"","overlay-type":"","overlay-color":"","overlay-opacity":"","overlay-gradient":""},"mobile":{"background-color":"var(--ast-global-color-4)","background-image":"","background-repeat":"repeat","background-position":"center center","background-size":"auto","background-attachment":"scroll","background-type":"","background-media":"","overlay-type":"","overlay-color":"","overlay-opacity":"","overlay-gradient":""}},"footnotes":"[{\"content\":\"Marta Doreto de Andrade \u00e9 autora de v\u00e1rias obras, para adultos, jovens e crian\u00e7as. Quem n\u00e3o se lembra com saudades de seu primeiro livro, \\\"<em>Thais a Bela do \u00c9den<\/em>\\\"? Quantas crian\u00e7as n\u00e3o leram \\\"<em>O Evangelho para a Garotada<\/em>\\\"? A autora atuou como professora-evangelista por mais de quarenta anos, n\u00e3o apenas lecionando, mas escrevendo livros e comentando revistas de Escola Dominical para crian\u00e7as e adolescentes. Ultimamente, vem se dedicando a escrever para as mulheres. Duas de suas obras mais queridas s\u00e3o \\\"<em>Quando o Amado Desce ao Jardim<\/em>\\\" e \\\"<em>Mulheres que Ouviram a Voz de Deus<\/em>\\\". A irm\u00e3 Marta \u00e9 esposa do Pastor Claudionor de Andrade, m\u00e3e do Pastor Gunar Berg e da autora Karen Bandeira, e av\u00f3 de quatro netos, servos do Deus vivo.\",\"id\":\"1436d548-4bea-45a1-9471-76a590212f55\"}]"},"categories":[10,36,5],"tags":[],"class_list":["post-2735","post","type-post","status-publish","format-standard","has-post-thumbnail","hentry","category-devocional","category-escatologia-categorias","category-vida-crista"],"_links":{"self":[{"href":"https:\/\/raizespentecostais.com.br\/index.php\/wp-json\/wp\/v2\/posts\/2735","targetHints":{"allow":["GET"]}}],"collection":[{"href":"https:\/\/raizespentecostais.com.br\/index.php\/wp-json\/wp\/v2\/posts"}],"about":[{"href":"https:\/\/raizespentecostais.com.br\/index.php\/wp-json\/wp\/v2\/types\/post"}],"author":[{"embeddable":true,"href":"https:\/\/raizespentecostais.com.br\/index.php\/wp-json\/wp\/v2\/users\/15"}],"replies":[{"embeddable":true,"href":"https:\/\/raizespentecostais.com.br\/index.php\/wp-json\/wp\/v2\/comments?post=2735"}],"version-history":[{"count":3,"href":"https:\/\/raizespentecostais.com.br\/index.php\/wp-json\/wp\/v2\/posts\/2735\/revisions"}],"predecessor-version":[{"id":3211,"href":"https:\/\/raizespentecostais.com.br\/index.php\/wp-json\/wp\/v2\/posts\/2735\/revisions\/3211"}],"wp:featuredmedia":[{"embeddable":true,"href":"https:\/\/raizespentecostais.com.br\/index.php\/wp-json\/wp\/v2\/media\/2737"}],"wp:attachment":[{"href":"https:\/\/raizespentecostais.com.br\/index.php\/wp-json\/wp\/v2\/media?parent=2735"}],"wp:term":[{"taxonomy":"category","embeddable":true,"href":"https:\/\/raizespentecostais.com.br\/index.php\/wp-json\/wp\/v2\/categories?post=2735"},{"taxonomy":"post_tag","embeddable":true,"href":"https:\/\/raizespentecostais.com.br\/index.php\/wp-json\/wp\/v2\/tags?post=2735"}],"curies":[{"name":"wp","href":"https:\/\/api.w.org\/{rel}","templated":true}]}}