{"id":2758,"date":"2025-05-06T18:43:14","date_gmt":"2025-05-06T18:43:14","guid":{"rendered":"https:\/\/raizespentecostais.com.br\/?p=2758"},"modified":"2025-11-06T13:10:12","modified_gmt":"2025-11-06T13:10:12","slug":"a-harpa-crista-na-defesa-da-sa-doutrina","status":"publish","type":"post","link":"https:\/\/raizespentecostais.com.br\/index.php\/a-harpa-crista-na-defesa-da-sa-doutrina\/","title":{"rendered":"A harpa crist\u00e3 na defesa da s\u00e3 doutrina"},"content":{"rendered":"\t\t<div data-elementor-type=\"wp-post\" data-elementor-id=\"2758\" class=\"elementor elementor-2758\">\n\t\t\t\t<div class=\"elementor-element elementor-element-6f42e8c3 e-flex e-con-boxed e-con e-parent\" data-id=\"6f42e8c3\" data-element_type=\"container\" data-e-type=\"container\">\n\t\t\t\t\t<div class=\"e-con-inner\">\n\t\t\t\t<div class=\"elementor-element elementor-element-bc23b0f elementor-widget elementor-widget-text-editor\" data-id=\"bc23b0f\" data-element_type=\"widget\" data-e-type=\"widget\" data-widget_type=\"text-editor.default\">\n\t\t\t\t<div class=\"elementor-widget-container\">\n\t\t\t\t\t\t\t\t\t\n<div class=\"wp-block-group is-content-justification-right is-nowrap is-layout-flex wp-container-core-group-is-layout-17124a9a wp-block-group-is-layout-flex\">\n<p class=\"has-text-align-right\"><strong>Por Prof\u00aa Marta Doreto de Andrade<\/strong> <sup class=\"fn\" data-fn=\"bad84e41-5651-4f26-a0c6-e5f051f717ca\"><a id=\"bad84e41-5651-4f26-a0c6-e5f051f717ca-link\" href=\"#bad84e41-5651-4f26-a0c6-e5f051f717ca\">1<\/a><\/sup> <br \/><em>Professora da EETAD, autora da Edi\u00e7\u00f5es Bernhard Johnson<\/em><\/p>\n\n<figure class=\"wp-block-image size-full\"><img decoding=\"async\" width=\"86\" height=\"86\" class=\"wp-image-2736\" src=\"http:\/\/raizespentecostais.com.br\/wp-content\/uploads\/2025\/05\/30-mm-Prof.-Marta-Doreto-de-Andrade.png\" alt=\"\" \/><\/figure>\n<\/div>\n\n<div class=\"wp-block-spacer\" style=\"height: 60px;\" aria-hidden=\"true\">\u00a0<\/div>\n\n<p>\u201cHaja o que houver, continuaremos a pregar a verdade\u201d, declarou Gunnar Vingren, ante \u00e0s amea\u00e7as de Raimundo Nobre.<\/p>\n\n<p>O evangelista entrara intempestivamente no aposento estreito, onde se realizavam os primeiros cultos pentecostais, no por\u00e3o daquela igreja Batista, e acusara os nossos pioneiros de terem ideias separatistas e plantarem a desuni\u00e3o no cora\u00e7\u00e3o dos irm\u00e3os. Com duras amea\u00e7as, quis calar o ensino do batismo com o Esp\u00edrito Santo e dos dons espirituais, propagado por Gunnar Vingren e Daniel Berg.<\/p>\n\n<p>Ante a firme declara\u00e7\u00e3o de Gunar Vingren, o opositor exasperou-se ofendido: \u201cEst\u00e1 sugerindo que eu n\u00e3o prego a verdade?\u201d. Ao que Vingren respondeu calmamente: \u201cN\u00e3o digo que o irm\u00e3o n\u00e3o esteja na verdade. Mas afirmo que ainda n\u00e3o achou toda a verdade.\u201d<\/p>\n\n<p>A breve e dif\u00edcil troca de palavras concluiu-se com a expuls\u00e3o dos mission\u00e1rios suecos daquele espa\u00e7o alugado, que lhes servia de dormit\u00f3rio e lugar de cultos, e a exclus\u00e3o de dezoito crentes batistas, que professaram sua cren\u00e7a na doutrina pentecostal.<\/p>\n\n<p>Desde ent\u00e3o, conforme comprometeu-se o valente pioneiro, a Assembleia de Deus, no Brasil, tem declarado, pregado e defendido a verdade completa das Escrituras. N\u00e3o s\u00f3 pela exposi\u00e7\u00e3o da Palavra, mas pelo c\u00e2ntico tamb\u00e9m, a verdade divina tem sido propagada e defendida. A Harpa Crist\u00e3 \u2013 hin\u00e1rio oficial das Assembleias de Deus \u2013 n\u00e3o deixa de fora nenhuma doutrina b\u00edblica. Temos nela todos os temas doutrin\u00e1rios \u2013 inclusive a doutrina pentecostal, n\u00e3o encontrada nos chamados hin\u00e1rios tradicionais.<\/p>\n\n<p>Al\u00e9m de abranger todo o ensinamento b\u00edblico, a Harpa ainda nos estimula a \u201cbatalhar pela f\u00e9 que uma vez foi dada aos santos\u201d e a proclamar a Boa Nova aos perdidos. Exemplo disso \u00e9 o hino 11, \u201c\u00d3 Crist\u00e3o, Eia Avante\u201d, do autor A. Teixeira da Silva. Examinemos-lhe a poesia biblicamente fundamentada:<\/p>\n\n<blockquote class=\"wp-block-quote is-layout-flow wp-block-quote-is-layout-flow\">\n<p>\u00d3 crist\u00e3os, eia avante, eia avante!<\/p>\n\n<p>Por Jesus e Sua Igreja a lutar;<\/p>\n\n<p>Co\u2019a Palavra, essa espada flamante,<\/p>\n\n<p>Vamos, vamos, irm\u00e3os pelejar.<\/p>\n<\/blockquote>\n\n<p>A interjei\u00e7\u00e3o de \u00e2nimo, brotada de um cora\u00e7\u00e3o cheio de fervor espiritual, estimula-nos a avan\u00e7ar: eia avante! Ao crente comprometido com a Palavra, n\u00e3o h\u00e1 outra dire\u00e7\u00e3o sen\u00e3o seguir em frente. Afinal, \u201cningu\u00e9m, que lan\u00e7a m\u00e3o do arado e olha para tr\u00e1s, \u00e9 apto para o reino de Deus\u201d (Lc 9.62). A arma dessa peleja \u00e9 a \u201cespada do Esp\u00edrito, que \u00e9 a palavra de Deus\u201d, \u201cviva e eficaz.\u201d \u00d3 espada flamante, reluzente, que \u201cpenetra at\u00e9 \u00e0 divis\u00e3o da alma e do esp\u00edrito&#8230; e \u00e9 apta para discernir os pensamentos e inten\u00e7\u00f5es do cora\u00e7\u00e3o\u201d (Ef 6.17; Hb 4.12).\u00a0<\/p>\n\n<blockquote class=\"wp-block-quote is-layout-flow wp-block-quote-is-layout-flow\">\n<p>\u00d3 crist\u00e3o, sempre avante na lida!<\/p>\n\n<p>O Evangelho com f\u00e9 a pregar;<\/p>\n\n<p>Ao trabalho o Senhor nos convida,<\/p>\n\n<p>Vamos, pois, com Jesus pelejar.<\/p>\n<\/blockquote>\n\n<p>Aqui, o autor traz-nos \u00e0 mem\u00f3ria o convite do Mestre, \u201cVinde ap\u00f3s mim\u201d, quando fez de seus disc\u00edpulos pescadores de homens. Um chamado firme e irrecus\u00e1vel: \u201cSegue-me\u201d (Mt 4.19; Mt 9.9).<\/p>\n\n<blockquote class=\"wp-block-quote is-layout-flow wp-block-quote-is-layout-flow\">\n<p>\u00d3 crist\u00e3os, eia avante, eia avante!<\/p>\n\n<p>Boa Nova aos perdidos levar;<\/p>\n\n<p>Por cidades e vilas adiante,<\/p>\n\n<p>Salva\u00e7\u00e3o vamos n\u00f3s proclamar.<\/p>\n<\/blockquote>\n\n<p>Ecos do convite do Mestre na alma do compositor trazem junto a lembran\u00e7a de Sua ordem: \u201cIde por todo o mundo, pregai o evangelho a toda criatura\u201d (Mc 16.15). \u201c&#8230; e ser-me-eis testemunhas, tanto em Jerusal\u00e9m como em toda a Jud\u00e9ia e Samaria, e at\u00e9 aos confins da terra\u201d (At 1.8). Emociono-me ao escrever estas palavras. Penso nos primeiros anos da Assembleia de Deus no Brasil, quando, movidos pelo mesmo Esp\u00edrito e pela mesma Palavra, Gunar Vingren avan\u00e7ava \u201cpor cidades e vilas adiante\u201d, levando a Boa nova aos perdidos. Daniel Berg, atravessando rios e selvas, levava ao ombro a maleta de B\u00edblias e, no cora\u00e7\u00e3o, a chama pentecostal. E poetas, como A. Teixeira da Silva, compunham hinos que professavam a s\u00e3 doutrina e impulsionavam a proclamar a salva\u00e7\u00e3o em Jesus.<\/p>\n\n<blockquote class=\"wp-block-quote is-layout-flow wp-block-quote-is-layout-flow\">\n<p>\u00d3 crist\u00e3os, eia avante, eia avante!<\/p>\n\n<p>Pois a aurora j\u00e1 vemos raiar.<\/p>\n\n<p>Desse dia em que Cristo, triunfante,<\/p>\n\n<p>Neste mundo h\u00e1 de sempre reinar.<\/p>\n<\/blockquote>\n\n<p>Ap\u00f3s aludir \u00e0 Grande Comiss\u00e3o, o cora\u00e7\u00e3o do compositor antecipa o retorno triunfante de Cristo, para instaurar o seu reino sempiterno: \u201cEis que vem com as nuvens, e todo o olho o ver\u00e1\u201d (Ap 1.7). \u201cE o Senhor ser\u00e1 rei sobre toda a terra; naquele dia um ser\u00e1 o Senhor, e um ser\u00e1 o seu nome\u201d (Zc 14.9).\u201c<\/p>\n\n<blockquote class=\"wp-block-quote is-layout-flow wp-block-quote-is-layout-flow\">\n<p>\u00d3 crist\u00e3os, eia avante, eia avante!<\/p>\n\n<p>Vexil\u00e1rios da f\u00e9 vamos ser;<\/p>\n\n<p>E a vanguarda do ex\u00e9rcito brilhante<\/p>\n\n<p>Que gloriosa vit\u00f3ria h\u00e1 de ter!<\/p>\n<\/blockquote>\n\n<p>A imagem evocada nesta estrofe \u00e9 a de um ex\u00e9rcito aguerrido, que defende em combate o seu s\u00edmbolo precioso. A Wikip\u00e9dia informa-nos que o vexilo era a ins\u00edgnia principal de certas unidades militares romanas. N\u00f3s o chamar\u00edamos de bandeira, estandarte ou pend\u00e3o. E o soldado que levava o vexilo era o vexil\u00e1rio \u2013 para n\u00f3s, o porta-bandeira.<\/p>\n\n<p>Se A. Teixeira da Silva era militar, n\u00e3o sei, mas certamente militava \u201ca boa mil\u00edcia da f\u00e9\u201d (1Tm 6.12), erguendo bem alto o pend\u00e3o de Cristo: o Santo Evangelho, a S\u00e3 Doutrina, e todo o Conhecimento de Deus. Ati\u00e7avam-no as palavras do ap\u00f3stolo Paulo: \u201cCombati o bom combate, acabei a carreira, guardei a f\u00e9\u201d (2Tm 4.12). E, \u201c&#8230; nunca deixei de vos anunciar todo o conselho de Deus\u201d (At 20.27).<\/p>\n\n<blockquote class=\"wp-block-quote is-layout-flow wp-block-quote-is-layout-flow\">\n<p>\u00d3 crist\u00e3os, eia avante, eia avante!<\/p>\n\n<p>Com coragem, sem nada temer;<\/p>\n\n<p>Com Jesus, divinal comandante,<\/p>\n\n<p>N\u00f3s havemos, irm\u00e3os, de vencer.<\/p>\n<\/blockquote>\n\n<p>Que passagens da B\u00edblia teriam inspirado estes versos encorajadores? A de \u201cEst\u00eav\u00e3o, cheio de f\u00e9 e de poder\u201d, de modo que os que com ele disputavam \u201cn\u00e3o podiam resistir \u00e0 sabedoria, e ao Esp\u00edrito com que falava\u201d? (At 6.8-10). A de Pedro e Jo\u00e3o anunciando \u201ccom ousadia a palavra de Deus\u201d? (At 4.31). A de Paulo entrando na sinagoga e falando \u201cousadamente por espa\u00e7o de tr\u00eas meses, disputando e persuadindo-os acerca do reino de Deus\u201d? (At 19.8). Talvez a promessa mesma do Divinal Comandante: \u201c&#8230; eles vos entregar\u00e3o aos sin\u00e9drios, e vos a\u00e7oitar\u00e3o nas suas sinagogas&#8230; por causa de mim&#8230; Mas, quando vos entregarem, n\u00e3o vos d\u00ea cuidado como, ou o que haveis de falar, porque naquela mesma hora vos ser\u00e1 ministrado o que haveis de dizer. Porque n\u00e3o sois v\u00f3s quem falar\u00e1, mas o Esp\u00edrito de vosso Pai \u00e9 que fala em v\u00f3s\u201d (Mt 10.17-20).<\/p>\n\n<p>Sim, a Harpa Crist\u00e3 canta a verdade completa das Escrituras e encoraja-nos a defend\u00ea-la, a tempo e fora de tempo.<\/p>\n\n<p>_____<\/p>\n<ol class=\"wp-block-footnotes has-small-font-size\"><li id=\"bad84e41-5651-4f26-a0c6-e5f051f717ca\">Marta Doreto de Andrade \u00e9 autora de v\u00e1rias obras, para adultos, jovens e crian\u00e7as. Quem n\u00e3o se lembra com saudades de seu primeiro livro, \"<em>Thais a Bela do \u00c9den<\/em>\"? Quantas crian\u00e7as n\u00e3o leram \"<em>O Evangelho para a Garotada<\/em>\"? A autora atuou como professora-evangelista por mais de quarenta anos, n\u00e3o apenas lecionando, mas escrevendo livros e comentando revistas de Escola Dominical para crian\u00e7as e adolescentes. Ultimamente, vem se dedicando a escrever para as mulheres. Duas de suas obras mais queridas s\u00e3o \"<em>Quando o Amado Desce ao Jardim<\/em>\" e \"<em>Mulheres que Ouviram a Voz de Deus<\/em>\". A irm\u00e3 Marta \u00e9 esposa do Pastor Claudionor de Andrade, m\u00e3e do Pastor Gunar Berg e da autora Karen Bandeira, e av\u00f3 de quatro netos, servos do Deus vivo. <a href=\"#bad84e41-5651-4f26-a0c6-e5f051f717ca-link\" aria-label=\"Ir para a refer\u00eancia 1 na nota de rodap\u00e9\">\u21a9\ufe0e<\/a><\/li><\/ol>\t\t\t\t\t\t\t\t<\/div>\n\t\t\t\t<\/div>\n\t\t\t\t\t<\/div>\n\t\t\t\t<\/div>\n\t\t\t\t<\/div>\n\t\t","protected":false},"excerpt":{"rendered":"<p>Por Prof\u00aa Marta Doreto de Andrade 1 Professora da EETAD, autora da Edi\u00e7\u00f5es Bernhard Johnson \u201cHaja o que houver, continuaremos [&hellip;]<\/p>\n","protected":false},"author":15,"featured_media":3676,"comment_status":"open","ping_status":"open","sticky":false,"template":"","format":"standard","meta":{"site-sidebar-layout":"default","site-content-layout":"","ast-site-content-layout":"default","site-content-style":"default","site-sidebar-style":"default","ast-global-header-display":"","ast-banner-title-visibility":"","ast-main-header-display":"","ast-hfb-above-header-display":"","ast-hfb-below-header-display":"","ast-hfb-mobile-header-display":"","site-post-title":"","ast-breadcrumbs-content":"","ast-featured-img":"","footer-sml-layout":"","theme-transparent-header-meta":"","adv-header-id-meta":"","stick-header-meta":"","header-above-stick-meta":"","header-main-stick-meta":"","header-below-stick-meta":"","astra-migrate-meta-layouts":"default","ast-page-background-enabled":"default","ast-page-background-meta":{"desktop":{"background-color":"var(--ast-global-color-5)","background-image":"","background-repeat":"repeat","background-position":"center center","background-size":"auto","background-attachment":"scroll","background-type":"","background-media":"","overlay-type":"","overlay-color":"","overlay-opacity":"","overlay-gradient":""},"tablet":{"background-color":"","background-image":"","background-repeat":"repeat","background-position":"center center","background-size":"auto","background-attachment":"scroll","background-type":"","background-media":"","overlay-type":"","overlay-color":"","overlay-opacity":"","overlay-gradient":""},"mobile":{"background-color":"","background-image":"","background-repeat":"repeat","background-position":"center center","background-size":"auto","background-attachment":"scroll","background-type":"","background-media":"","overlay-type":"","overlay-color":"","overlay-opacity":"","overlay-gradient":""}},"ast-content-background-meta":{"desktop":{"background-color":"var(--ast-global-color-4)","background-image":"","background-repeat":"repeat","background-position":"center center","background-size":"auto","background-attachment":"scroll","background-type":"","background-media":"","overlay-type":"","overlay-color":"","overlay-opacity":"","overlay-gradient":""},"tablet":{"background-color":"var(--ast-global-color-4)","background-image":"","background-repeat":"repeat","background-position":"center center","background-size":"auto","background-attachment":"scroll","background-type":"","background-media":"","overlay-type":"","overlay-color":"","overlay-opacity":"","overlay-gradient":""},"mobile":{"background-color":"var(--ast-global-color-4)","background-image":"","background-repeat":"repeat","background-position":"center center","background-size":"auto","background-attachment":"scroll","background-type":"","background-media":"","overlay-type":"","overlay-color":"","overlay-opacity":"","overlay-gradient":""}},"footnotes":"[{\"content\":\"Marta Doreto de Andrade \u00e9 autora de v\u00e1rias obras, para adultos, jovens e crian\u00e7as. Quem n\u00e3o se lembra com saudades de seu primeiro livro, \\\"<em>Thais a Bela do \u00c9den<\/em>\\\"? Quantas crian\u00e7as n\u00e3o leram \\\"<em>O Evangelho para a Garotada<\/em>\\\"? A autora atuou como professora-evangelista por mais de quarenta anos, n\u00e3o apenas lecionando, mas escrevendo livros e comentando revistas de Escola Dominical para crian\u00e7as e adolescentes. Ultimamente, vem se dedicando a escrever para as mulheres. Duas de suas obras mais queridas s\u00e3o \\\"<em>Quando o Amado Desce ao Jardim<\/em>\\\" e \\\"<em>Mulheres que Ouviram a Voz de Deus<\/em>\\\". A irm\u00e3 Marta \u00e9 esposa do Pastor Claudionor de Andrade, m\u00e3e do Pastor Gunar Berg e da autora Karen Bandeira, e av\u00f3 de quatro netos, servos do Deus vivo.\",\"id\":\"bad84e41-5651-4f26-a0c6-e5f051f717ca\"}]"},"categories":[8,10],"tags":[],"class_list":["post-2758","post","type-post","status-publish","format-standard","has-post-thumbnail","hentry","category-apologetica","category-devocional"],"_links":{"self":[{"href":"https:\/\/raizespentecostais.com.br\/index.php\/wp-json\/wp\/v2\/posts\/2758","targetHints":{"allow":["GET"]}}],"collection":[{"href":"https:\/\/raizespentecostais.com.br\/index.php\/wp-json\/wp\/v2\/posts"}],"about":[{"href":"https:\/\/raizespentecostais.com.br\/index.php\/wp-json\/wp\/v2\/types\/post"}],"author":[{"embeddable":true,"href":"https:\/\/raizespentecostais.com.br\/index.php\/wp-json\/wp\/v2\/users\/15"}],"replies":[{"embeddable":true,"href":"https:\/\/raizespentecostais.com.br\/index.php\/wp-json\/wp\/v2\/comments?post=2758"}],"version-history":[{"count":7,"href":"https:\/\/raizespentecostais.com.br\/index.php\/wp-json\/wp\/v2\/posts\/2758\/revisions"}],"predecessor-version":[{"id":3834,"href":"https:\/\/raizespentecostais.com.br\/index.php\/wp-json\/wp\/v2\/posts\/2758\/revisions\/3834"}],"wp:featuredmedia":[{"embeddable":true,"href":"https:\/\/raizespentecostais.com.br\/index.php\/wp-json\/wp\/v2\/media\/3676"}],"wp:attachment":[{"href":"https:\/\/raizespentecostais.com.br\/index.php\/wp-json\/wp\/v2\/media?parent=2758"}],"wp:term":[{"taxonomy":"category","embeddable":true,"href":"https:\/\/raizespentecostais.com.br\/index.php\/wp-json\/wp\/v2\/categories?post=2758"},{"taxonomy":"post_tag","embeddable":true,"href":"https:\/\/raizespentecostais.com.br\/index.php\/wp-json\/wp\/v2\/tags?post=2758"}],"curies":[{"name":"wp","href":"https:\/\/api.w.org\/{rel}","templated":true}]}}