{"id":4006,"date":"2026-04-27T14:22:04","date_gmt":"2026-04-27T14:22:04","guid":{"rendered":"https:\/\/raizespentecostais.com.br\/?p=4006"},"modified":"2026-04-27T18:04:36","modified_gmt":"2026-04-27T18:04:36","slug":"o-declinio-do-avivamento-pentecostal-no-brasil-1a-parte","status":"publish","type":"post","link":"https:\/\/raizespentecostais.com.br\/index.php\/o-declinio-do-avivamento-pentecostal-no-brasil-1a-parte\/","title":{"rendered":"O decl\u00ednio do avivamento pentecostal no Brasil  &#8211; 1\u00aa Parte"},"content":{"rendered":"\t\t<div data-elementor-type=\"wp-post\" data-elementor-id=\"4006\" class=\"elementor elementor-4006\">\n\t\t\t\t<div class=\"elementor-element elementor-element-b78b572 e-flex e-con-boxed e-con e-parent\" data-id=\"b78b572\" data-element_type=\"container\" data-e-type=\"container\">\n\t\t\t\t\t<div class=\"e-con-inner\">\n\t\t\t\t<div class=\"elementor-element elementor-element-82d942e elementor-widget elementor-widget-text-editor\" data-id=\"82d942e\" data-element_type=\"widget\" data-e-type=\"widget\" data-widget_type=\"text-editor.default\">\n\t\t\t\t<div class=\"elementor-widget-container\">\n\t\t\t\t\t\t\t\t\t<p><span style=\"font-weight: 400;\">Muitos t\u00eam se perguntado como se prossegue dizendo que estamos a viver o <strong>\u201cavivamento pentecostal\u201d<\/strong>, considerando-o como a \u201cchuva ser\u00f4dia\u201d do \u201cano aceit\u00e1vel do Senhor\u201d, ou seja, <strong>o \u00faltimo avivamento antes do arrebatamento da Igreja e o t\u00e9rmino da dispensa\u00e7\u00e3o da gra\u00e7a.<\/strong> Tais pessoas, ao verem a lament\u00e1vel situa\u00e7\u00e3o espiritual em que se encontra a Europa, onde houve grandes focos do avivamento pentecostal quando ele se iniciou no in\u00edcio do s\u00e9culo XX, como na Su\u00e9cia, Noruega e Pa\u00eds de Gales, ou os Estados Unidos da Am\u00e9rica, onde tivemos os eventos ocorridos na rua Azusa, em Los Angeles, podem entender que j\u00e1 acabou o tal \u201cavivamento pentecostal\u201d e que, portanto, n\u00e3o cabe mais nele falar.<\/span><\/p><p>\u00a0<\/p><p><span style=\"font-weight: 400;\">Entretanto, n\u00e3o podemos assim pensar. O \u201cavivamento pentecostal\u201d \u00e9 um avivamento diferenciado na hist\u00f3ria da Igreja, da\u00ed porque dizemos corresponder ele \u00e0 \u201cchuva ser\u00f4dia do ano aceit\u00e1vel do Senhor\u201d. Como sabemos, o \u201cano aceit\u00e1vel do Senhor\u201d \u00e9, nas palavras do pr\u00f3prio Senhor Jesus, o tempo em que \u00e9 anunciada a salva\u00e7\u00e3o na pessoa do Cristo, do Messias <strong>(Lc.4:18-21)<\/strong>. O Ungido veio pregar e trazer a salva\u00e7\u00e3o para as ovelhas perdidas da casa de Israel <strong>(Mt.15:24)<\/strong>, mas elas n\u00e3o O receberam <strong>(Jo.1:12)<\/strong> e, ent\u00e3o, o Servo do Senhor iniciou o Seu trabalho de produzir ju\u00edzo entre os gentios <strong>(Is.42:1)<\/strong>, levar a Sua doutrina \u00e0s ilhas <strong>(Is.42:4)<\/strong>, ser luz dos gentios, ser a salva\u00e7\u00e3o do Senhor at\u00e9 a extremidade da Terra<strong> (Is.49:6)<\/strong>. Assim \u00e9 que edificou a Sua Igreja <strong>(Mt.16:18)<\/strong> para que ela prosseguisse a prega\u00e7\u00e3o do Evangelho e o ensino da s\u00e3 doutrina <strong>(Mt.28:19,20; Mc.16:15; At.26:16-18; I Pe.2:9,10)<\/strong> e, ao longo dos anos, necess\u00e1rio se faz, seja pela imperfei\u00e7\u00e3o humana, seja pelo desgaste da luta espiritual, que o Senhor avive a Sua obra no meio dos anos <strong>(Hc.3:2)<\/strong>.<\/span><\/p><p>\u00a0<\/p><p><span style=\"font-weight: 400;\">Por isso, a hist\u00f3ria da Igreja, assim como foi a hist\u00f3ria de Israel, \u00e9 marcada por per\u00edodos de avivamento, durante este \u201cano aceit\u00e1vel do Senhor\u201d, que \u00e9 figurado pelo calend\u00e1rio judaico, quando o Senhor estabeleceu festividades no chamado \u201cano religioso\u201d, que tem in\u00edcio na P\u00e1scoa, no m\u00eas primeiro, e vai at\u00e9 a Festa dos Tabern\u00e1culos, no m\u00eas s\u00e9timo <strong>(Ex.23:14,17; 34:23)<\/strong>. A P\u00e1scoa, quando se tem a primeira festividade deste \u201cano aceit\u00e1vel do Senhor\u201d, fala da morte de Nosso Senhor e Salvador Jesus Cristo, do Seu sacrif\u00edcio que nos proporcionou a salva\u00e7\u00e3o. Ap\u00f3s a P\u00e1scoa, havia a \u201coferta das prim\u00edcias\u201d (Lv.23:11), que nos fala da ressurrei\u00e7\u00e3o do Senhor Jesus, \u201cas prim\u00edcias dos que dormem\u201d (I Co.15:20). Em seguida, havia a Festa das Semanas ou, em grego, a Festa de Pentecostes, quando se agradecia a Deus pelo in\u00edcio da colheita e tamb\u00e9m pela entrega da lei ao povo, que se deu cinquenta dias depois da P\u00e1scoa. Pentecostes representou o in\u00edcio da colheita de almas pela Igreja e, nesta \u00e9poca do ano, h\u00e1 a primeira esta\u00e7\u00e3o chuvosa, a \u201cchuva tempor\u00e3\u201d, que prepara a terra para a semeadura, na primavera, e que correspondeu ao primeiro avivamento da hist\u00f3ria da Igreja, o \u201cavivamento apost\u00f3lico\u201d ou \u201cavivamento da igreja primitiva\u201d, que perdurou at\u00e9 por volta dos anos 70, 80.<\/span><\/p><p>\u00a0<\/p><p><span style=\"font-weight: 400;\">Ap\u00f3s o Pentecostes, a pr\u00f3xima festividade era a \u201cfesta das trombetas\u201d, o chamado \u201cAno Novo Judaico\u201d <strong>(\u201cRosh Hashanah\u201d)<\/strong>, porque \u00e9 a data em que se inicia o ano civil, que ocorria no primeiro dia do m\u00eas s\u00e9timo <strong>(Nm.29:1)<\/strong>, onde s\u00e3o tocadas \u201ctrombetas\u201d <strong>(Sl.81:3)<\/strong>, pois \u00e9 dia de jubila\u00e7\u00e3o, ou seja, de agradecimento e gratid\u00e3o a Deus. Tal festa fala, portanto, do arrebatamento da Igreja, quando a trombeta soar\u00e1 e toda a Igreja se encontrar\u00e1 com o Senhor Jesus nos ares <strong>(I Ts.4:16,17)<\/strong>, celebrando a vit\u00f3ria de todos sobre o mal e a glorifica\u00e7\u00e3o, que \u00e9 a consuma\u00e7\u00e3o da nossa salva\u00e7\u00e3o <strong>(Rm.8:30; I Jo.3:2; Ap.12:10-12)<\/strong>. Esta festividade ocorre em outra esta\u00e7\u00e3o chuvosa, a \u201cchuva ser\u00f4dia\u201d, quando a terra era preparada para a colheita daquilo que se semeou na outra esta\u00e7\u00e3o chuvosa. Assim, vemos, pela tipologia, que h\u00e1 uma outra \u201cesta\u00e7\u00e3o chuvosa\u201d antes do arrebatamento e, portanto, um avivamento que \u00e9 o mais longo e amplo da hist\u00f3ria da Igreja, que \u00e9 o avivamento pentecostal.<\/span><\/p><p>\u00a0<\/p><p><span style=\"font-weight: 400;\">O avivamento apost\u00f3lico esteve presente em todo o Imp\u00e9rio Romano e h\u00e1 men\u00e7\u00e3o de tradi\u00e7\u00f5es de que a prega\u00e7\u00e3o do Evangelho, nos tempos dos ap\u00f3stolos, tenha, inclusive, atravessado as fronteiras romanas, pois Tom\u00e9 teria pregado entre os partos, que foi o primeiro povo a resistir \u00e0 domina\u00e7\u00e3o romana, como tamb\u00e9m na \u00cdndia, e h\u00e1, mesmo, quem afirme que tenha vindo \u00e0 Am\u00e9rica. <strong>O avivamento pentecostal, de igual maneira, iniciou-se simultaneamente, a partir da segunda metade do s\u00e9culo XIX, em v\u00e1rias partes do mundo, como na R\u00fassia, Arm\u00eania, Escandin\u00e1via, Estados Unidos, Pa\u00eds de Gales, tendo se espraiado por todos os pa\u00edses do mundo.<\/strong> Assim, de modo ininterrupto, o \u201cfogo do Esp\u00edrito Santo\u201d tem se espalhado por todos os continentes e, se hoje \u00e9 ineg\u00e1vel que temos evidente predom\u00ednio da apostasia espiritual na Europa e Estados Unidos, j\u00e1 com grandes reflexos no Brasil, n\u00e3o \u00e9 menos verdadeiro que h\u00e1 verdadeiros despertamentos espirituais na China e em pa\u00edses como Ir\u00e3 e Paquist\u00e3o, na atualidade, de modo que o avivamento pentecostal perdura, e perdurar\u00e1 at\u00e9 o arrebatamento da Igreja, que t\u00e3o pr\u00f3ximo est\u00e1 de ocorrer, pois o arrebatamento n\u00e3o vir\u00e1 enquanto n\u00e3o se pregar o evangelho a todas as na\u00e7\u00f5es <strong>(Mc.13:10).<\/strong><\/span><\/p><p>\u00a0<\/p><p><span style=\"font-weight: 400;\">Visto, ent\u00e3o, como podemos dizer, claramente, que ainda estamos no avivamento pentecostal, sabendo que, no Brasil, estamos num momento de perigosa letargia espiritual, que nos est\u00e1 a levar para o mesmo estado em que j\u00e1 est\u00e3o Europa e Estados Unidos, \u00e9 momento de refletirmos sobre o decl\u00ednio do pentecostalismo entre n\u00f3s, a partir da sucinta e extremamente l\u00facida an\u00e1lise feita pelo pastor Jos\u00e9 Gon\u00e7alves da Costa Gomes, presidente das Assembleias de Deus em \u00c1gua Branca\/PI, comentarista das Li\u00e7\u00f5es B\u00edblicas da CPAD e membro da Comiss\u00e3o de Apolog\u00e9tica da Conven\u00e7\u00e3o Geral das Assembleias de Deus no Brasil (CGADB). Eis a mui feliz an\u00e1lise deste grande estudioso das Escrituras: <strong>\u201cO pentecostalismo come\u00e7ou como um movimento perif\u00e9rico que, gra\u00e7as ao poder do Esp\u00edrito Santo e ao forte comprometimento de seus l\u00edderes fundadores, conquistou relev\u00e2ncia, reconhecimento e prest\u00edgio.<\/strong> Contudo, aquilo que foi conquistado por for\u00e7a de interven\u00e7\u00f5es sobrenaturais e muitas l\u00e1grimas derramadas d\u00e1 sinais de arrefecimento e esvaziamento. A meu ver, na base desse esfriamento est\u00e3o o secularismo e consumismo que transformaram igrejas em casas de shows e entretenimento; o institucionalismo, que fomentou disputas por espa\u00e7o e poder, transformando algumas Conven\u00e7\u00f5es em verdadeiras Prefeituras; e o afrouxamento \u00e9tico e doutrin\u00e1rio, que mundanizou muitas igrejas e as converteu em meros clubes sociais. Fica o alerta b\u00edblico: \u2018N\u00e3o apagueis o Esp\u00edrito\u2019 <strong>(I Ts.5:19).<\/strong>\u201d<\/span><\/p><p>\u00a0<\/p><p><span style=\"font-weight: 400;\">Com base nesta sint\u00e9tica e completa afirma\u00e7\u00e3o deste grande homem de Deus, verifiquemos o decl\u00ednio do pentecostalismo em nosso pa\u00eds e como podemos sen\u00e3o reverter, resistir a esta tend\u00eancia at\u00e9 a volta de Nosso Senhor e Salvador. \u00c9 o que iniciaremos a fazer na pr\u00f3xima parte deste artigo.<\/span><\/p>\t\t\t\t\t\t\t\t<\/div>\n\t\t\t\t<\/div>\n\t\t\t\t\t<\/div>\n\t\t\t\t<\/div>\n\t\t<div class=\"elementor-element elementor-element-ce72414 e-flex e-con-boxed e-con e-parent\" data-id=\"ce72414\" data-element_type=\"container\" data-e-type=\"container\">\n\t\t\t\t\t<div class=\"e-con-inner\">\n\t\t\t\t<div class=\"elementor-element elementor-element-0dc59cb elementor-widget elementor-widget-spacer\" data-id=\"0dc59cb\" data-element_type=\"widget\" data-e-type=\"widget\" data-widget_type=\"spacer.default\">\n\t\t\t\t<div class=\"elementor-widget-container\">\n\t\t\t\t\t\t\t<div class=\"elementor-spacer\">\n\t\t\t<div class=\"elementor-spacer-inner\"><\/div>\n\t\t<\/div>\n\t\t\t\t\t\t<\/div>\n\t\t\t\t<\/div>\n\t\t\t\t<div class=\"elementor-element elementor-element-d857606 elementor-button-info elementor-align-center elementor-widget elementor-widget-button\" data-id=\"d857606\" data-element_type=\"widget\" data-e-type=\"widget\" data-widget_type=\"button.default\">\n\t\t\t\t<div class=\"elementor-widget-container\">\n\t\t\t\t\t\t\t\t\t<div class=\"elementor-button-wrapper\">\n\t\t\t\t\t<a class=\"elementor-button elementor-button-link elementor-size-sm\" href=\"https:\/\/raizespentecostais.com.br\/index.php\/o-declinio-do-avivamento-pentecostal-no-brasil-2a-parte-movimento\">\n\t\t\t\t\t\t<span class=\"elementor-button-content-wrapper\">\n\t\t\t\t\t\t\t\t\t<span class=\"elementor-button-text\">2\u00ba PARTE - O DECL\u00cdNIO DO AVIVAMENTO PENTECOSTAL NO BRASIL (MOVIMENTO)<\/span>\n\t\t\t\t\t<\/span>\n\t\t\t\t\t<\/a>\n\t\t\t\t<\/div>\n\t\t\t\t\t\t\t\t<\/div>\n\t\t\t\t<\/div>\n\t\t\t\t\t<\/div>\n\t\t\t\t<\/div>\n\t\t\t\t<\/div>\n\t\t","protected":false},"excerpt":{"rendered":"<p>Muitos t\u00eam se perguntado como se prossegue dizendo que estamos a viver o \u201cavivamento pentecostal\u201d, considerando-o como a \u201cchuva ser\u00f4dia\u201d [&hellip;]<\/p>\n","protected":false},"author":19,"featured_media":4051,"comment_status":"closed","ping_status":"closed","sticky":false,"template":"","format":"standard","meta":{"site-sidebar-layout":"default","site-content-layout":"","ast-site-content-layout":"default","site-content-style":"default","site-sidebar-style":"default","ast-global-header-display":"","ast-banner-title-visibility":"","ast-main-header-display":"","ast-hfb-above-header-display":"","ast-hfb-below-header-display":"","ast-hfb-mobile-header-display":"","site-post-title":"","ast-breadcrumbs-content":"","ast-featured-img":"","footer-sml-layout":"","theme-transparent-header-meta":"","adv-header-id-meta":"","stick-header-meta":"","header-above-stick-meta":"","header-main-stick-meta":"","header-below-stick-meta":"","astra-migrate-meta-layouts":"default","ast-page-background-enabled":"default","ast-page-background-meta":{"desktop":{"background-color":"var(--ast-global-color-5)","background-image":"","background-repeat":"repeat","background-position":"center center","background-size":"auto","background-attachment":"scroll","background-type":"","background-media":"","overlay-type":"","overlay-color":"","overlay-opacity":"","overlay-gradient":""},"tablet":{"background-color":"","background-image":"","background-repeat":"repeat","background-position":"center center","background-size":"auto","background-attachment":"scroll","background-type":"","background-media":"","overlay-type":"","overlay-color":"","overlay-opacity":"","overlay-gradient":""},"mobile":{"background-color":"","background-image":"","background-repeat":"repeat","background-position":"center center","background-size":"auto","background-attachment":"scroll","background-type":"","background-media":"","overlay-type":"","overlay-color":"","overlay-opacity":"","overlay-gradient":""}},"ast-content-background-meta":{"desktop":{"background-color":"var(--ast-global-color-4)","background-image":"","background-repeat":"repeat","background-position":"center center","background-size":"auto","background-attachment":"scroll","background-type":"","background-media":"","overlay-type":"","overlay-color":"","overlay-opacity":"","overlay-gradient":""},"tablet":{"background-color":"var(--ast-global-color-4)","background-image":"","background-repeat":"repeat","background-position":"center center","background-size":"auto","background-attachment":"scroll","background-type":"","background-media":"","overlay-type":"","overlay-color":"","overlay-opacity":"","overlay-gradient":""},"mobile":{"background-color":"var(--ast-global-color-4)","background-image":"","background-repeat":"repeat","background-position":"center center","background-size":"auto","background-attachment":"scroll","background-type":"","background-media":"","overlay-type":"","overlay-color":"","overlay-opacity":"","overlay-gradient":""}},"footnotes":""},"categories":[6,4,17],"tags":[],"class_list":["post-4006","post","type-post","status-publish","format-standard","has-post-thumbnail","hentry","category-destaque","category-categorias","category-historia"],"_links":{"self":[{"href":"https:\/\/raizespentecostais.com.br\/index.php\/wp-json\/wp\/v2\/posts\/4006","targetHints":{"allow":["GET"]}}],"collection":[{"href":"https:\/\/raizespentecostais.com.br\/index.php\/wp-json\/wp\/v2\/posts"}],"about":[{"href":"https:\/\/raizespentecostais.com.br\/index.php\/wp-json\/wp\/v2\/types\/post"}],"author":[{"embeddable":true,"href":"https:\/\/raizespentecostais.com.br\/index.php\/wp-json\/wp\/v2\/users\/19"}],"replies":[{"embeddable":true,"href":"https:\/\/raizespentecostais.com.br\/index.php\/wp-json\/wp\/v2\/comments?post=4006"}],"version-history":[{"count":37,"href":"https:\/\/raizespentecostais.com.br\/index.php\/wp-json\/wp\/v2\/posts\/4006\/revisions"}],"predecessor-version":[{"id":4059,"href":"https:\/\/raizespentecostais.com.br\/index.php\/wp-json\/wp\/v2\/posts\/4006\/revisions\/4059"}],"wp:featuredmedia":[{"embeddable":true,"href":"https:\/\/raizespentecostais.com.br\/index.php\/wp-json\/wp\/v2\/media\/4051"}],"wp:attachment":[{"href":"https:\/\/raizespentecostais.com.br\/index.php\/wp-json\/wp\/v2\/media?parent=4006"}],"wp:term":[{"taxonomy":"category","embeddable":true,"href":"https:\/\/raizespentecostais.com.br\/index.php\/wp-json\/wp\/v2\/categories?post=4006"},{"taxonomy":"post_tag","embeddable":true,"href":"https:\/\/raizespentecostais.com.br\/index.php\/wp-json\/wp\/v2\/tags?post=4006"}],"curies":[{"name":"wp","href":"https:\/\/api.w.org\/{rel}","templated":true}]}}